{"id":46518,"date":"2025-05-14T21:49:21","date_gmt":"2025-05-14T21:49:21","guid":{"rendered":"https:\/\/historiografija.hr\/?p=46518"},"modified":"2025-05-14T21:49:21","modified_gmt":"2025-05-14T21:49:21","slug":"odrzana-konferencija-the-end-of-world-war-ii-and-the-crimes-of-communism","status":"publish","type":"post","link":"https:\/\/historiografija.hr\/?p=46518","title":{"rendered":"Odr\u017eana konferencija \u201eThe End of World War II and the Crimes of Communism\u201d"},"content":{"rendered":"\n<p>Dana 13. svibnja u Europskome parlamentu odr\u017eana je konferencija \u201eThe End of World War II and the Crimes of Communism\u201d, kojom se obilje\u017eava 80. godi\u0161njica zavr\u0161etka Drugog svjetskog rata. Na konferenciji su izlaganjima sudjelovali i djelatnici Hrvatskog instituta za povijest, dr. sc. Martina Grahek Ravan\u010di\u0107 (\u201cBleiburg and the Way of the Cross\u201d), dr. sc. Mario Jareb (\u201cCommunist persecution of the Catholic Church in Croatia and in Bosnia and Herzegovina at the end of the Second World War and after\u201d) i dr. sc. Josip Mihaljevi\u0107 (\u201cState Security Service as an Instrument of Political Control and Repression in Communist Yugoslavia\u201d).<\/p>\n\n\n\n<p><br>Nakon konferencije u Europskome parlamentu otvorena je i izlo\u017eba pod nazivom \u201cZlo\u010dini komunizma u Hrvatskoj i 80. obljetnica kraja Drugog svjetskog rata\u201d koja \u0107e biti postavljena do 16. svibnja. Na izlo\u017ebi su sura\u0111ivali i navedeni djelatnici Instituta.<\/p>\n\n\n\n<p><br>Vi\u0161e o doga\u0111aju na <a href=\"https:\/\/europeanconservative.com\/articles\/news\/yugoslav-communist-crimes-conference-exhibition-memory-justice-conservatives\/\">THE END OF WORLD WAR II<\/a><\/p>\n\n\n\n<hr class=\"wp-block-separator has-alpha-channel-opacity\"\/>\n\n\n\n<p>Izvor:<\/p>\n\n\n\n<figure class=\"wp-block-embed is-type-wp-embed is-provider-hipzg wp-block-embed-hipzg\"><div class=\"wp-block-embed__wrapper\">\n<blockquote class=\"wp-embedded-content\" data-secret=\"nB1UbNeFRo\"><a href=\"https:\/\/www.hipzg.hr\/13-svibnja-u-europskome-parlamentu-odrzana-je-konferencija-the-end-of-world-war-ii-and-the-crimes-of-communism\/\">13. svibnja u Europskome parlamentu odr\u017eana je konferencija \u201eThe End of World War II and the Crimes of Communism&#8221;<\/a><\/blockquote><iframe loading=\"lazy\" class=\"wp-embedded-content\" sandbox=\"allow-scripts\" security=\"restricted\" style=\"position: absolute; visibility: hidden;\" title=\"&#8220;13. svibnja u Europskome parlamentu odr\u017eana je konferencija \u201eThe End of World War II and the Crimes of Communism&#8221;&#8221; &#8212; HIPZG\" src=\"https:\/\/www.hipzg.hr\/13-svibnja-u-europskome-parlamentu-odrzana-je-konferencija-the-end-of-world-war-ii-and-the-crimes-of-communism\/embed\/#?secret=jd5u3ABDnv#?secret=nB1UbNeFRo\" data-secret=\"nB1UbNeFRo\" width=\"600\" height=\"338\" frameborder=\"0\" marginwidth=\"0\" marginheight=\"0\" scrolling=\"no\"><\/iframe>\n<\/div><\/figure>\n\n\n\n<hr class=\"wp-block-separator has-alpha-channel-opacity\"\/>\n","protected":false},"excerpt":{"rendered":"","protected":false},"author":2,"featured_media":46519,"comment_status":"open","ping_status":"open","sticky":false,"template":"","format":"standard","meta":{"_acf_changed":false,"jetpack_post_was_ever_published":false,"_jetpack_newsletter_access":"","_jetpack_dont_email_post_to_subs":false,"_jetpack_newsletter_tier_id":0,"_jetpack_memberships_contains_paywalled_content":false,"_jetpack_memberships_contains_paid_content":false,"footnotes":"","jetpack_publicize_message":"","jetpack_publicize_feature_enabled":true,"jetpack_social_post_already_shared":true,"jetpack_social_options":{"image_generator_settings":{"template":"highway","default_image_id":0,"font":"","enabled":false},"version":2}},"categories":[3,9],"tags":[],"class_list":["post-46518","post","type-post","status-publish","format-standard","has-post-thumbnail","hentry","category-novosti","category-skupovi"],"acf":{"facebook_opis":""},"jetpack_publicize_connections":[],"jetpack_featured_media_url":"https:\/\/i0.wp.com\/historiografija.hr\/wp-content\/uploads\/2025\/05\/Skup_EP.jpg?fit=600%2C400&ssl=1","jetpack_sharing_enabled":true,"jetpack-related-posts":[],"_links":{"self":[{"href":"https:\/\/historiografija.hr\/index.php?rest_route=\/wp\/v2\/posts\/46518","targetHints":{"allow":["GET"]}}],"collection":[{"href":"https:\/\/historiografija.hr\/index.php?rest_route=\/wp\/v2\/posts"}],"about":[{"href":"https:\/\/historiografija.hr\/index.php?rest_route=\/wp\/v2\/types\/post"}],"author":[{"embeddable":true,"href":"https:\/\/historiografija.hr\/index.php?rest_route=\/wp\/v2\/users\/2"}],"replies":[{"embeddable":true,"href":"https:\/\/historiografija.hr\/index.php?rest_route=%2Fwp%2Fv2%2Fcomments&post=46518"}],"version-history":[{"count":1,"href":"https:\/\/historiografija.hr\/index.php?rest_route=\/wp\/v2\/posts\/46518\/revisions"}],"predecessor-version":[{"id":46520,"href":"https:\/\/historiografija.hr\/index.php?rest_route=\/wp\/v2\/posts\/46518\/revisions\/46520"}],"wp:featuredmedia":[{"embeddable":true,"href":"https:\/\/historiografija.hr\/index.php?rest_route=\/wp\/v2\/media\/46519"}],"wp:attachment":[{"href":"https:\/\/historiografija.hr\/index.php?rest_route=%2Fwp%2Fv2%2Fmedia&parent=46518"}],"wp:term":[{"taxonomy":"category","embeddable":true,"href":"https:\/\/historiografija.hr\/index.php?rest_route=%2Fwp%2Fv2%2Fcategories&post=46518"},{"taxonomy":"post_tag","embeddable":true,"href":"https:\/\/historiografija.hr\/index.php?rest_route=%2Fwp%2Fv2%2Ftags&post=46518"}],"curies":[{"name":"wp","href":"https:\/\/api.w.org\/{rel}","templated":true}]}}