{"id":46515,"date":"2025-05-14T21:42:07","date_gmt":"2025-05-14T21:42:07","guid":{"rendered":"https:\/\/historiografija.hr\/?p=46515"},"modified":"2025-05-14T21:42:07","modified_gmt":"2025-05-14T21:42:07","slug":"medunarodni-znanstveni-skup-leto-1945-in-konec-druge-svetovne-vojne-na-slovenskem","status":"publish","type":"post","link":"https:\/\/historiografija.hr\/?p=46515","title":{"rendered":"Me\u0111unarodni znanstveni skup \u201cLeto 1945. in konec Druge svetovne vojne na Slovenskem\u201d"},"content":{"rendered":"\n<p>U <em>\u0160tudijskom centru za narodno spravo<\/em> u Ljubljani odr\u017eava se 13. i 14. svibnja 2025. me\u0111unarodni znanstveni skup \u201cLeto 1945. in konec Druge svetovne vojne na Slovenskem\u201d.<\/p>\n\n\n\n<p>Na skupu sa znanstvenim izlaganjima sudjeluju dvojica znanstvenika Hrvatskog instituta za povijest u Zagrebu: dr. sc. Hrvoje \u010capo, \u201cOd jedinstva do zabrinutosti: stav ameri\u010dke diplomacije prema jugoslavenskim komunistima 1945. godine\u201d i dr. sc. Domagoj Novosel, \u201c\u017dupe sjeverne zagreba\u010dke okolice u prolje\u0107e i ljeto 1945. godine\u201d.<\/p>\n\n\n\n<p>Op\u0161irnije:<\/p>\n\n\n\n<figure class=\"wp-block-embed is-type-wp-embed is-provider-hipzg wp-block-embed-hipzg\"><div class=\"wp-block-embed__wrapper\">\n<blockquote class=\"wp-embedded-content\" data-secret=\"3sABQdsILJ\"><a href=\"https:\/\/www.hipzg.hr\/medunarodni-znanstveni-skup-leto-1945-in-konec-druge-svetovne-vojne-na-slovenskem\/\">Me\u0111unarodni znanstveni skup LETO 1945 IN KONEC DRUGE SVETOVNE VOJNE NA SLOVENSKEM<\/a><\/blockquote><iframe loading=\"lazy\" class=\"wp-embedded-content\" sandbox=\"allow-scripts\" security=\"restricted\" style=\"position: absolute; visibility: hidden;\" title=\"&#8220;Me\u0111unarodni znanstveni skup LETO 1945 IN KONEC DRUGE SVETOVNE VOJNE NA SLOVENSKEM&#8221; &#8212; HIPZG\" src=\"https:\/\/www.hipzg.hr\/medunarodni-znanstveni-skup-leto-1945-in-konec-druge-svetovne-vojne-na-slovenskem\/embed\/#?secret=Ew357K9HQs#?secret=3sABQdsILJ\" data-secret=\"3sABQdsILJ\" width=\"600\" height=\"338\" frameborder=\"0\" marginwidth=\"0\" marginheight=\"0\" scrolling=\"no\"><\/iframe>\n<\/div><\/figure>\n\n\n\n<hr class=\"wp-block-separator has-alpha-channel-opacity\"\/>\n","protected":false},"excerpt":{"rendered":"","protected":false},"author":2,"featured_media":46516,"comment_status":"open","ping_status":"open","sticky":false,"template":"","format":"standard","meta":{"_acf_changed":false,"jetpack_post_was_ever_published":false,"_jetpack_newsletter_access":"","_jetpack_dont_email_post_to_subs":false,"_jetpack_newsletter_tier_id":0,"_jetpack_memberships_contains_paywalled_content":false,"_jetpack_memberships_contains_paid_content":false,"footnotes":"","jetpack_publicize_message":"","jetpack_publicize_feature_enabled":true,"jetpack_social_post_already_shared":true,"jetpack_social_options":{"image_generator_settings":{"template":"highway","default_image_id":0,"font":"","enabled":false},"version":2}},"categories":[3,9],"tags":[],"class_list":["post-46515","post","type-post","status-publish","format-standard","has-post-thumbnail","hentry","category-novosti","category-skupovi"],"acf":{"facebook_opis":""},"jetpack_publicize_connections":[],"jetpack_featured_media_url":"https:\/\/i0.wp.com\/historiografija.hr\/wp-content\/uploads\/2025\/05\/Letnik-1945.jpg?fit=600%2C927&ssl=1","jetpack_sharing_enabled":true,"jetpack-related-posts":[],"_links":{"self":[{"href":"https:\/\/historiografija.hr\/index.php?rest_route=\/wp\/v2\/posts\/46515","targetHints":{"allow":["GET"]}}],"collection":[{"href":"https:\/\/historiografija.hr\/index.php?rest_route=\/wp\/v2\/posts"}],"about":[{"href":"https:\/\/historiografija.hr\/index.php?rest_route=\/wp\/v2\/types\/post"}],"author":[{"embeddable":true,"href":"https:\/\/historiografija.hr\/index.php?rest_route=\/wp\/v2\/users\/2"}],"replies":[{"embeddable":true,"href":"https:\/\/historiografija.hr\/index.php?rest_route=%2Fwp%2Fv2%2Fcomments&post=46515"}],"version-history":[{"count":1,"href":"https:\/\/historiografija.hr\/index.php?rest_route=\/wp\/v2\/posts\/46515\/revisions"}],"predecessor-version":[{"id":46517,"href":"https:\/\/historiografija.hr\/index.php?rest_route=\/wp\/v2\/posts\/46515\/revisions\/46517"}],"wp:featuredmedia":[{"embeddable":true,"href":"https:\/\/historiografija.hr\/index.php?rest_route=\/wp\/v2\/media\/46516"}],"wp:attachment":[{"href":"https:\/\/historiografija.hr\/index.php?rest_route=%2Fwp%2Fv2%2Fmedia&parent=46515"}],"wp:term":[{"taxonomy":"category","embeddable":true,"href":"https:\/\/historiografija.hr\/index.php?rest_route=%2Fwp%2Fv2%2Fcategories&post=46515"},{"taxonomy":"post_tag","embeddable":true,"href":"https:\/\/historiografija.hr\/index.php?rest_route=%2Fwp%2Fv2%2Ftags&post=46515"}],"curies":[{"name":"wp","href":"https:\/\/api.w.org\/{rel}","templated":true}]}}