{"id":46511,"date":"2025-05-14T21:27:14","date_gmt":"2025-05-14T21:27:14","guid":{"rendered":"https:\/\/historiografija.hr\/?p=46511"},"modified":"2025-05-14T21:27:14","modified_gmt":"2025-05-14T21:27:14","slug":"medunarodna-znanstvena-konferencija-identiteti-kulture-jezici-o-temi-1100-obljetnice-hrvatskoga-kraljevstva-u-mostaru","status":"publish","type":"post","link":"https:\/\/historiografija.hr\/?p=46511","title":{"rendered":"Me\u0111unarodna znanstvena konferencija &#8220;Identiteti \u2013 kulture \u2013 jezici&#8221; o temi 1100. obljetnice Hrvatskoga Kraljevstva u Mostaru"},"content":{"rendered":"\n<p>Filozofski fakultet Sveu\u010dili\u0161ta u Mostaru u suradnji s Maticom hrvatskom i Dru\u017ebom \u201eBra\u0107a Hrvatskoga Zmaja\u201c organizira posebno izdanje 11. Me\u0111unarodne znanstvene konferencije Identiteti \u2013 Kulture \u2013 Jezici pod naslovom \u201e1100. obljetnica hrvatskoga kraljevstva\u201c 15. i 16. svibnja.<\/p>\n\n\n\n<p>Sve\u010dano otvorenje konferencije bit \u0107e odr\u017eano u \u010detvrtak 15. svibnja u 17:00 sati na Filozofskom fakultetu SUM-a u amfiteatru Antun Branko \u0160imi\u0107.<\/p>\n\n\n\n<p><strong>Izjave za medije bit \u0107e organizirane u 16 sati i 45 minuta.<\/strong><\/p>\n\n\n\n<p>Sve\u010danost otvaranja konferencije bit \u0107e oboga\u0107ena raznim kulturno-umjetni\u010dkim programom. Tom prilikom bit \u0107e predstavljeno posebno izdanje \u010dasopisa Hrvatska revija, pod uredni\u010dkim vodstvom prof. dr. sc. Mirjane Poli\u0107 Bobi\u0107, naslovljeno \u201eTisu\u0107u sto godina Hrvatskoga kraljevstva u Hrvatskoj reviji\u201c te \u0107e biti otvorena izlo\u017eba Duvno polje &#8211; kraljevsko prijestolje: suvremena interpretacija predaje o krunidbi kralja Tomislava, autora dr. sc. o. Zvonke Marti\u0107a. Kulturni dio programa upotpunit \u0107e i nastup klape Dra\u010da s izvedbama posve\u0107enima kralju Tomislavu.<\/p>\n\n\n\n<p>Drugi dan konferencije, 16. svibnja, posve\u0107en je znanstvenim izlaganjima. U sklopu konferencije bit \u0107e odr\u017eano 26 izlaganja, a plenarni dio okupit \u0107e istaknute hrvatske znanstvenike razli\u010ditih podru\u010dja &#8211; prof. dr. sc. Mislava Grgi\u0107a, dr. sc. Marija Jareba, prof. dr. sc. Damira Zori\u0107a, prof. dr. sc. Marka Tadi\u0107a, prof. dr. sc. Antu Ugle\u0161i\u0107a i prof. dr. sc. \u017deljka Bartulovi\u0107a, koji \u0107e rasvijetliti povijesne, jezi\u010dne, kulturne, pravne i politi\u010dke aspekte hrvatske kraljevske ba\u0161tine.<\/p>\n\n\n\n<p>Nakon zajedni\u010dkog prijedloga Matice hrvatske i Dru\u017ebe \u201eBra\u0107a Hrvatskoga Zmaja\u201c, a na temelju jednoglasne odluke Hrvatskoga sabora o progla\u0161enju 2025. godine godinom obilje\u017eavanja 1100. obljetnice hrvatskoga kraljevstva, prihva\u0107en je prijedlog Filozofskog fakulteta da se upravo ova konferencija uvrsti u slu\u017ebeni program proslave obljetnice.<\/p>\n\n\n\n<p>Program konferencije se mo\u017ee pogledati na <a href=\"https:\/\/ff.sum.ba\/sites\/default\/files\/slike-staticke-stranice\/Program%20konferencije%20pdf.pdf\" target=\"_blank\" rel=\"noreferrer noopener\">poveznici<\/a>.&nbsp;<\/p>\n\n\n\n<hr class=\"wp-block-separator has-alpha-channel-opacity\"\/>\n\n\n\n<p>Izvor:<\/p>\n\n\n\n<p><a href=\"https:\/\/ff.sum.ba\/hr\/node\/28461\">https:\/\/ff.sum.ba\/hr\/node\/28461<\/a><\/p>\n\n\n\n<hr class=\"wp-block-separator has-alpha-channel-opacity\"\/>\n\n\n\n<p>Dodatne obavijesti:<\/p>\n\n\n\n<p><a href=\"https:\/\/www.matica.hr\/vijenac\/813\/konferencija-u-mostaru-uz-1100-obljetnicu-hrvatskoga-kraljevstva-37989\">https:\/\/www.matica.hr\/vijenac\/813\/konferencija-u-mostaru-uz-1100-obljetnicu-hrvatskoga-kraljevstva-37989<\/a><\/p>\n\n\n\n<hr class=\"wp-block-separator has-alpha-channel-opacity\"\/>\n","protected":false},"excerpt":{"rendered":"","protected":false},"author":2,"featured_media":46513,"comment_status":"open","ping_status":"open","sticky":false,"template":"","format":"standard","meta":{"_acf_changed":false,"jetpack_post_was_ever_published":false,"_jetpack_newsletter_access":"","_jetpack_dont_email_post_to_subs":false,"_jetpack_newsletter_tier_id":0,"_jetpack_memberships_contains_paywalled_content":false,"_jetpack_memberships_contains_paid_content":false,"footnotes":"","jetpack_publicize_message":"","jetpack_publicize_feature_enabled":true,"jetpack_social_post_already_shared":true,"jetpack_social_options":{"image_generator_settings":{"template":"highway","default_image_id":0,"font":"","enabled":false},"version":2}},"categories":[3,9],"tags":[],"class_list":["post-46511","post","type-post","status-publish","format-standard","has-post-thumbnail","hentry","category-novosti","category-skupovi"],"acf":{"facebook_opis":""},"jetpack_publicize_connections":[],"jetpack_featured_media_url":"https:\/\/i0.wp.com\/historiografija.hr\/wp-content\/uploads\/2025\/05\/identiteti_kulture_-_jezici.jpg?fit=1575%2C2227&ssl=1","jetpack_sharing_enabled":true,"jetpack-related-posts":[],"_links":{"self":[{"href":"https:\/\/historiografija.hr\/index.php?rest_route=\/wp\/v2\/posts\/46511","targetHints":{"allow":["GET"]}}],"collection":[{"href":"https:\/\/historiografija.hr\/index.php?rest_route=\/wp\/v2\/posts"}],"about":[{"href":"https:\/\/historiografija.hr\/index.php?rest_route=\/wp\/v2\/types\/post"}],"author":[{"embeddable":true,"href":"https:\/\/historiografija.hr\/index.php?rest_route=\/wp\/v2\/users\/2"}],"replies":[{"embeddable":true,"href":"https:\/\/historiografija.hr\/index.php?rest_route=%2Fwp%2Fv2%2Fcomments&post=46511"}],"version-history":[{"count":1,"href":"https:\/\/historiografija.hr\/index.php?rest_route=\/wp\/v2\/posts\/46511\/revisions"}],"predecessor-version":[{"id":46514,"href":"https:\/\/historiografija.hr\/index.php?rest_route=\/wp\/v2\/posts\/46511\/revisions\/46514"}],"wp:featuredmedia":[{"embeddable":true,"href":"https:\/\/historiografija.hr\/index.php?rest_route=\/wp\/v2\/media\/46513"}],"wp:attachment":[{"href":"https:\/\/historiografija.hr\/index.php?rest_route=%2Fwp%2Fv2%2Fmedia&parent=46511"}],"wp:term":[{"taxonomy":"category","embeddable":true,"href":"https:\/\/historiografija.hr\/index.php?rest_route=%2Fwp%2Fv2%2Fcategories&post=46511"},{"taxonomy":"post_tag","embeddable":true,"href":"https:\/\/historiografija.hr\/index.php?rest_route=%2Fwp%2Fv2%2Ftags&post=46511"}],"curies":[{"name":"wp","href":"https:\/\/api.w.org\/{rel}","templated":true}]}}