{"id":46500,"date":"2025-05-14T21:01:14","date_gmt":"2025-05-14T21:01:14","guid":{"rendered":"https:\/\/historiografija.hr\/?p=46500"},"modified":"2025-05-14T21:03:45","modified_gmt":"2025-05-14T21:03:45","slug":"okrugli-stol-kultura-renesanse-i-reformacija-u-madarskoj-i-hrvatskoj-u-xv-i-xvi-stoljecu","status":"publish","type":"post","link":"https:\/\/historiografija.hr\/?p=46500","title":{"rendered":"Okrugli stol \u201cKultura renesanse i reformacija u Ma\u0111arskoj i Hrvatskoj u XV. i XVI. stolje\u0107u\u201d"},"content":{"rendered":"\n<p>Generalni konzulat Ma\u0111arske u Osijeku, Odsjek za povijest i Odsjek za hrvatski jezik i knji\u017eevnost Filozofskog fakulteta<br>Sveu\u010dili\u0161ta J.J.Strossmayera u Osijeku<\/p>\n\n\n\n<p>ORGANIZIRAJU OKRUGLI STOL POD NAZIVOM<br>KULTURA RENESANSE I REFORMACIJA U MA\u0110ARSKOJ I HRVATSKOJ U XV. I XVI. STOLJE\u0106U<\/p>\n\n\n\n<p>Vrijeme: 19. svibnja 2025. godine, u 18:00 sati<br>Mjesto: Sveu\u010dili\u0161te J. J. Strossmayera u Osijeku, Filozofski fakultet<br>(Mala sve\u010dana dvorana)<br>(Lorenza J\u00e4gera 9, 1. kat prostorija 39)<\/p>\n\n\n\n<p>Vi\u0161e informacija na poveznici u prilogu:<\/p>\n\n\n\n<figure class=\"wp-block-embed is-type-wp-embed is-provider-filozofski-fakultet-osijek wp-block-embed-filozofski-fakultet-osijek\"><div class=\"wp-block-embed__wrapper\">\n<blockquote class=\"wp-embedded-content\" data-secret=\"KXJQtDT2nW\"><a href=\"https:\/\/www.ffos.unios.hr\/okrugli-stol-kultura-renesanse-i-reformacija-u-madarskoj-i-hrvatskoj-u-xv-i-xvi-stoljecu\/\">Okrugli stol &#8220;Kultura renesanse i reformacija u Ma\u0111arskoj i Hrvatskoj u XV. i XVI. stolje\u0107u&#8221;<\/a><\/blockquote><iframe loading=\"lazy\" class=\"wp-embedded-content\" sandbox=\"allow-scripts\" security=\"restricted\" style=\"position: absolute; visibility: hidden;\" title=\"&#8220;Okrugli stol &#8220;Kultura renesanse i reformacija u Ma\u0111arskoj i Hrvatskoj u XV. i XVI. stolje\u0107u&#8221;&#8221; &#8212; Filozofski fakultet Osijek\" src=\"https:\/\/www.ffos.unios.hr\/okrugli-stol-kultura-renesanse-i-reformacija-u-madarskoj-i-hrvatskoj-u-xv-i-xvi-stoljecu\/embed\/#?secret=bTFG5kh3kv#?secret=KXJQtDT2nW\" data-secret=\"KXJQtDT2nW\" width=\"600\" height=\"338\" frameborder=\"0\" marginwidth=\"0\" marginheight=\"0\" scrolling=\"no\"><\/iframe>\n<\/div><\/figure>\n\n\n\n<hr class=\"wp-block-separator has-alpha-channel-opacity\"\/>\n","protected":false},"excerpt":{"rendered":"","protected":false},"author":2,"featured_media":46504,"comment_status":"open","ping_status":"open","sticky":false,"template":"","format":"standard","meta":{"_acf_changed":false,"jetpack_post_was_ever_published":false,"_jetpack_newsletter_access":"","_jetpack_dont_email_post_to_subs":false,"_jetpack_newsletter_tier_id":0,"_jetpack_memberships_contains_paywalled_content":false,"_jetpack_memberships_contains_paid_content":false,"footnotes":"","jetpack_publicize_message":"","jetpack_publicize_feature_enabled":true,"jetpack_social_post_already_shared":true,"jetpack_social_options":{"image_generator_settings":{"template":"highway","default_image_id":0,"font":"","enabled":false},"version":2}},"categories":[3],"tags":[],"class_list":["post-46500","post","type-post","status-publish","format-standard","has-post-thumbnail","hentry","category-novosti"],"acf":{"facebook_opis":""},"jetpack_publicize_connections":[],"jetpack_featured_media_url":"https:\/\/i0.wp.com\/historiografija.hr\/wp-content\/uploads\/2025\/05\/Okrugli-stol-Osijek.jpg?fit=1086%2C732&ssl=1","jetpack_sharing_enabled":true,"jetpack-related-posts":[],"_links":{"self":[{"href":"https:\/\/historiografija.hr\/index.php?rest_route=\/wp\/v2\/posts\/46500","targetHints":{"allow":["GET"]}}],"collection":[{"href":"https:\/\/historiografija.hr\/index.php?rest_route=\/wp\/v2\/posts"}],"about":[{"href":"https:\/\/historiografija.hr\/index.php?rest_route=\/wp\/v2\/types\/post"}],"author":[{"embeddable":true,"href":"https:\/\/historiografija.hr\/index.php?rest_route=\/wp\/v2\/users\/2"}],"replies":[{"embeddable":true,"href":"https:\/\/historiografija.hr\/index.php?rest_route=%2Fwp%2Fv2%2Fcomments&post=46500"}],"version-history":[{"count":2,"href":"https:\/\/historiografija.hr\/index.php?rest_route=\/wp\/v2\/posts\/46500\/revisions"}],"predecessor-version":[{"id":46503,"href":"https:\/\/historiografija.hr\/index.php?rest_route=\/wp\/v2\/posts\/46500\/revisions\/46503"}],"wp:featuredmedia":[{"embeddable":true,"href":"https:\/\/historiografija.hr\/index.php?rest_route=\/wp\/v2\/media\/46504"}],"wp:attachment":[{"href":"https:\/\/historiografija.hr\/index.php?rest_route=%2Fwp%2Fv2%2Fmedia&parent=46500"}],"wp:term":[{"taxonomy":"category","embeddable":true,"href":"https:\/\/historiografija.hr\/index.php?rest_route=%2Fwp%2Fv2%2Fcategories&post=46500"},{"taxonomy":"post_tag","embeddable":true,"href":"https:\/\/historiografija.hr\/index.php?rest_route=%2Fwp%2Fv2%2Ftags&post=46500"}],"curies":[{"name":"wp","href":"https:\/\/api.w.org\/{rel}","templated":true}]}}