{"id":46496,"date":"2025-05-14T12:57:24","date_gmt":"2025-05-14T12:57:24","guid":{"rendered":"https:\/\/historiografija.hr\/?p=46496"},"modified":"2025-05-14T12:57:50","modified_gmt":"2025-05-14T12:57:50","slug":"gostujuce-predavanje-ferenc-vegh-o-vojnoj-organizaciji-medimurja-u-17-stoljecu","status":"publish","type":"post","link":"https:\/\/historiografija.hr\/?p=46496","title":{"rendered":"Gostuju\u0107e predavanje: Ferenc V\u00e9gh o vojnoj organizaciji Me\u0111imurja u 17. stolje\u0107u"},"content":{"rendered":"\n<p>Doktorski studij predmoderne povijesti poziva na predavanje profesora Ferenca V\u00e9gha sa Sveu\u010dili\u0161ta u Pe\u010duhu koje \u0107e se odr\u017eati u srijedu 14. svibnja 2025. u 17h u Konferencijskoj dvorani Knji\u017enice Filozofskog fakulteta u Zagrebu.<\/p>\n\n\n\n<p><br>Naslov predavanja je <em>Anti-Ottoman Defense from the Drava River to Lake Balaton and the Military Society of Me\u0111imurje in the 17th Century<\/em>.<\/p>\n\n\n\n<p><br>Vi\u0161e informacija o predavanju i predava\u010du mo\u017eete prona\u0107i ovdje:<\/p>\n\n\n\n<figure class=\"wp-block-embed is-type-wp-embed is-provider-odsjek-za-povijest-filozofski-fakultet-sveu-ili-ta-u-zagrebu wp-block-embed-odsjek-za-povijest-filozofski-fakultet-sveu-ili-ta-u-zagrebu\"><div class=\"wp-block-embed__wrapper\">\n<blockquote class=\"wp-embedded-content\" data-secret=\"az9rENib9Z\"><a href=\"https:\/\/povijest.ffzg.unizg.hr\/2025\/05\/11\/gostujuce-predavanje-ferenc-vegh-o-vojnoj-organizaciji-medimurja-u-17-stoljecu\/\">Gostuju\u0107e predavanje: Ferenc V\u00e9gh o vojnoj organizaciji Me\u0111imurja u 17. stolje\u0107u<\/a><\/blockquote><iframe loading=\"lazy\" class=\"wp-embedded-content\" sandbox=\"allow-scripts\" security=\"restricted\" style=\"position: absolute; visibility: hidden;\" title=\"&#8220;Gostuju\u0107e predavanje: Ferenc V\u00e9gh o vojnoj organizaciji Me\u0111imurja u 17. stolje\u0107u&#8221; &#8212; Odsjek za povijest | Filozofski fakultet Sveu\u010dili\u0161ta u Zagrebu\" src=\"https:\/\/povijest.ffzg.unizg.hr\/2025\/05\/11\/gostujuce-predavanje-ferenc-vegh-o-vojnoj-organizaciji-medimurja-u-17-stoljecu\/embed\/#?secret=JMMXVtpLrr#?secret=az9rENib9Z\" data-secret=\"az9rENib9Z\" width=\"600\" height=\"338\" frameborder=\"0\" marginwidth=\"0\" marginheight=\"0\" scrolling=\"no\"><\/iframe>\n<\/div><\/figure>\n\n\n\n<hr class=\"wp-block-separator has-alpha-channel-opacity\"\/>\n","protected":false},"excerpt":{"rendered":"","protected":false},"author":2,"featured_media":46497,"comment_status":"open","ping_status":"open","sticky":false,"template":"","format":"standard","meta":{"_acf_changed":false,"jetpack_post_was_ever_published":false,"_jetpack_newsletter_access":"","_jetpack_dont_email_post_to_subs":false,"_jetpack_newsletter_tier_id":0,"_jetpack_memberships_contains_paywalled_content":false,"_jetpack_memberships_contains_paid_content":false,"footnotes":"","jetpack_publicize_message":"","jetpack_publicize_feature_enabled":true,"jetpack_social_post_already_shared":true,"jetpack_social_options":{"image_generator_settings":{"template":"highway","default_image_id":0,"font":"","enabled":false},"version":2}},"categories":[3],"tags":[],"class_list":["post-46496","post","type-post","status-publish","format-standard","has-post-thumbnail","hentry","category-novosti"],"acf":{"facebook_opis":""},"jetpack_publicize_connections":[],"jetpack_featured_media_url":"https:\/\/i0.wp.com\/historiografija.hr\/wp-content\/uploads\/2025\/05\/cakovec.png?fit=1724%2C934&ssl=1","jetpack_sharing_enabled":true,"jetpack-related-posts":[],"_links":{"self":[{"href":"https:\/\/historiografija.hr\/index.php?rest_route=\/wp\/v2\/posts\/46496","targetHints":{"allow":["GET"]}}],"collection":[{"href":"https:\/\/historiografija.hr\/index.php?rest_route=\/wp\/v2\/posts"}],"about":[{"href":"https:\/\/historiografija.hr\/index.php?rest_route=\/wp\/v2\/types\/post"}],"author":[{"embeddable":true,"href":"https:\/\/historiografija.hr\/index.php?rest_route=\/wp\/v2\/users\/2"}],"replies":[{"embeddable":true,"href":"https:\/\/historiografija.hr\/index.php?rest_route=%2Fwp%2Fv2%2Fcomments&post=46496"}],"version-history":[{"count":2,"href":"https:\/\/historiografija.hr\/index.php?rest_route=\/wp\/v2\/posts\/46496\/revisions"}],"predecessor-version":[{"id":46499,"href":"https:\/\/historiografija.hr\/index.php?rest_route=\/wp\/v2\/posts\/46496\/revisions\/46499"}],"wp:featuredmedia":[{"embeddable":true,"href":"https:\/\/historiografija.hr\/index.php?rest_route=\/wp\/v2\/media\/46497"}],"wp:attachment":[{"href":"https:\/\/historiografija.hr\/index.php?rest_route=%2Fwp%2Fv2%2Fmedia&parent=46496"}],"wp:term":[{"taxonomy":"category","embeddable":true,"href":"https:\/\/historiografija.hr\/index.php?rest_route=%2Fwp%2Fv2%2Fcategories&post=46496"},{"taxonomy":"post_tag","embeddable":true,"href":"https:\/\/historiografija.hr\/index.php?rest_route=%2Fwp%2Fv2%2Ftags&post=46496"}],"curies":[{"name":"wp","href":"https:\/\/api.w.org\/{rel}","templated":true}]}}