{"id":46487,"date":"2025-05-13T21:45:36","date_gmt":"2025-05-13T21:45:36","guid":{"rendered":"https:\/\/historiografija.hr\/?p=46487"},"modified":"2025-05-13T21:47:15","modified_gmt":"2025-05-13T21:47:15","slug":"otvoren-festival-povijesti-kliofest-2025","status":"publish","type":"post","link":"https:\/\/historiografija.hr\/?p=46487","title":{"rendered":"Otvoren Festival povijesti Kliofest 2025."},"content":{"rendered":"\n<p>U Nacionalnoj i sveu\u010dili\u0161noj knji\u017enici u Zagrebu otvoren je u utorak, 13. svibnja 2025. Festival povijesti Kliofest, \u010diji program sadr\u017ei niz okruglih stolova i tribina, predstavljanja knjiga i predavanja te drugih doga\u0111anja.<\/p>\n\n\n\n<hr class=\"wp-block-separator has-alpha-channel-opacity\"\/>\n\n\n\n<p>Op\u0161irnije:<\/p>\n\n\n\n<p><a href=\"https:\/\/www.hina.hr\/fotografija\/11951019\">https:\/\/www.hina.hr\/fotografija\/11951019<\/a><\/p>\n\n\n\n<figure class=\"wp-block-embed is-type-wp-embed is-provider-nacionalna-i-sveu-ili-na-knji-nica-u-zagrebu wp-block-embed-nacionalna-i-sveu-ili-na-knji-nica-u-zagrebu\"><div class=\"wp-block-embed__wrapper\">\n<blockquote class=\"wp-embedded-content\" data-secret=\"mu8lqBGflP\"><a href=\"https:\/\/nsk.hr\/vijesti\/otvoren-dvanaesti-festival-povijesti-kliofest\/\">Otvoren dvanaesti Festival povijesti Kliofest<\/a><\/blockquote><iframe loading=\"lazy\" class=\"wp-embedded-content\" sandbox=\"allow-scripts\" security=\"restricted\" style=\"position: absolute; visibility: hidden;\" title=\"&#8220;Otvoren dvanaesti Festival povijesti Kliofest&#8221; &#8212; Nacionalna i sveu\u010dili\u0161na knji\u017enica u Zagrebu\" src=\"https:\/\/nsk.hr\/vijesti\/otvoren-dvanaesti-festival-povijesti-kliofest\/embed\/#?secret=VQ43zyORSg#?secret=mu8lqBGflP\" data-secret=\"mu8lqBGflP\" width=\"600\" height=\"338\" frameborder=\"0\" marginwidth=\"0\" marginheight=\"0\" scrolling=\"no\"><\/iframe>\n<\/div><\/figure>\n\n\n\n<hr class=\"wp-block-separator has-alpha-channel-opacity\"\/>\n\n\n\n<p>Iz medija:<\/p>\n\n\n\n<p><a href=\"https:\/\/www.vecernji.hr\/zagreb\/dvanaesti-festival-povijesti-u-zagrebu-otvara-prostor-za-kriticko-promisljanje-1860588\">https:\/\/www.vecernji.hr\/zagreb\/dvanaesti-festival-povijesti-u-zagrebu-otvara-prostor-za-kriticko-promisljanje-1860588<\/a><\/p>\n\n\n\n<p><a href=\"https:\/\/www.tportal.hr\/kultura\/clanak\/kliofest-2025-dvanaesti-festival-povijesti-u-zagrebu-otvara-prostor-za-kriticko-promisljanje-20250512\">https:\/\/www.tportal.hr\/kultura\/clanak\/kliofest-2025-dvanaesti-festival-povijesti-u-zagrebu-otvara-prostor-za-kriticko-promisljanje-20250512<\/a><\/p>\n\n\n\n<hr class=\"wp-block-separator has-alpha-channel-opacity\"\/>\n","protected":false},"excerpt":{"rendered":"","protected":false},"author":2,"featured_media":46488,"comment_status":"open","ping_status":"open","sticky":false,"template":"","format":"standard","meta":{"_acf_changed":false,"jetpack_post_was_ever_published":false,"_jetpack_newsletter_access":"","_jetpack_dont_email_post_to_subs":false,"_jetpack_newsletter_tier_id":0,"_jetpack_memberships_contains_paywalled_content":false,"_jetpack_memberships_contains_paid_content":false,"footnotes":"","jetpack_publicize_message":"","jetpack_publicize_feature_enabled":true,"jetpack_social_post_already_shared":true,"jetpack_social_options":{"image_generator_settings":{"template":"highway","default_image_id":0,"font":"","enabled":false},"version":2}},"categories":[3],"tags":[],"class_list":["post-46487","post","type-post","status-publish","format-standard","has-post-thumbnail","hentry","category-novosti"],"acf":{"facebook_opis":""},"jetpack_publicize_connections":[],"jetpack_featured_media_url":"https:\/\/i0.wp.com\/historiografija.hr\/wp-content\/uploads\/2025\/05\/Kliofest-2025-otvorenje.jpeg?fit=1653%2C1240&ssl=1","jetpack_sharing_enabled":true,"jetpack-related-posts":[],"_links":{"self":[{"href":"https:\/\/historiografija.hr\/index.php?rest_route=\/wp\/v2\/posts\/46487","targetHints":{"allow":["GET"]}}],"collection":[{"href":"https:\/\/historiografija.hr\/index.php?rest_route=\/wp\/v2\/posts"}],"about":[{"href":"https:\/\/historiografija.hr\/index.php?rest_route=\/wp\/v2\/types\/post"}],"author":[{"embeddable":true,"href":"https:\/\/historiografija.hr\/index.php?rest_route=\/wp\/v2\/users\/2"}],"replies":[{"embeddable":true,"href":"https:\/\/historiografija.hr\/index.php?rest_route=%2Fwp%2Fv2%2Fcomments&post=46487"}],"version-history":[{"count":3,"href":"https:\/\/historiografija.hr\/index.php?rest_route=\/wp\/v2\/posts\/46487\/revisions"}],"predecessor-version":[{"id":46491,"href":"https:\/\/historiografija.hr\/index.php?rest_route=\/wp\/v2\/posts\/46487\/revisions\/46491"}],"wp:featuredmedia":[{"embeddable":true,"href":"https:\/\/historiografija.hr\/index.php?rest_route=\/wp\/v2\/media\/46488"}],"wp:attachment":[{"href":"https:\/\/historiografija.hr\/index.php?rest_route=%2Fwp%2Fv2%2Fmedia&parent=46487"}],"wp:term":[{"taxonomy":"category","embeddable":true,"href":"https:\/\/historiografija.hr\/index.php?rest_route=%2Fwp%2Fv2%2Fcategories&post=46487"},{"taxonomy":"post_tag","embeddable":true,"href":"https:\/\/historiografija.hr\/index.php?rest_route=%2Fwp%2Fv2%2Ftags&post=46487"}],"curies":[{"name":"wp","href":"https:\/\/api.w.org\/{rel}","templated":true}]}}