{"id":46484,"date":"2025-05-10T21:57:42","date_gmt":"2025-05-10T21:57:42","guid":{"rendered":"https:\/\/historiografija.hr\/?p=46484"},"modified":"2025-05-10T21:57:42","modified_gmt":"2025-05-10T21:57:42","slug":"tribina-pro-tempore-pro-historia-razgovor-s-glavnim-urednicima-casopisa-pro-tempore-povodom-obiljezavanja-dvadesete-obljetnice-izlazenja","status":"publish","type":"post","link":"https:\/\/historiografija.hr\/?p=46484","title":{"rendered":"Tribina &#8220;Pro tempore \u2013 pro historia: razgovor s glavnim urednicima \u010dasopisa Pro tempore povodom obilje\u017eavanja dvadesete obljetnice izla\u017eenja&#8221;"},"content":{"rendered":"\n<p><strong>Utorak, 13. svibnja 2025.<\/strong><\/p>\n\n\n\n<p>Nacionalna i sveu\u010dili\u0161na knji\u017enica<\/p>\n\n\n\n<p>POZORNICA I.<\/p>\n\n\n\n<p>16.00-17.15 Tribina <em>Pro tempore \u2013 pro historia<\/em>: razgovor s glavnim urednicima \u010dasopisa <em>Pro tempore<\/em> povodom obilje\u017eavanja dvadesete obljetnice izla\u017eenja<\/p>\n\n\n\n<p>Moderatori: Marija Bi\u0161\u0107an i Filip Ba\u010durin<\/p>\n\n\n\n<p>Sudjeluju: Tomislav Bran\u0111olica, Ivan Dujmi\u0107, Ivan Grke\u0161, Mihaela Mari\u0107, Ivan Mrnarevi\u0107, Filip \u0160imetin \u0160egvi\u0107, Nikolina \u0160imetin \u0160egvi\u0107, Filip \u0160imunjak, Marko Zidari\u0107, Tijana Vokal<\/p>\n\n\n\n<hr class=\"wp-block-separator has-alpha-channel-opacity\"\/>\n","protected":false},"excerpt":{"rendered":"","protected":false},"author":2,"featured_media":46485,"comment_status":"open","ping_status":"open","sticky":false,"template":"","format":"standard","meta":{"_acf_changed":false,"jetpack_post_was_ever_published":false,"_jetpack_newsletter_access":"","_jetpack_dont_email_post_to_subs":false,"_jetpack_newsletter_tier_id":0,"_jetpack_memberships_contains_paywalled_content":false,"_jetpack_memberships_contains_paid_content":false,"footnotes":"","jetpack_publicize_message":"","jetpack_publicize_feature_enabled":true,"jetpack_social_post_already_shared":true,"jetpack_social_options":{"image_generator_settings":{"template":"highway","default_image_id":0,"font":"","enabled":false},"version":2}},"categories":[3],"tags":[],"class_list":["post-46484","post","type-post","status-publish","format-standard","has-post-thumbnail","hentry","category-novosti"],"acf":{"facebook_opis":""},"jetpack_publicize_connections":[],"jetpack_featured_media_url":"https:\/\/i0.wp.com\/historiografija.hr\/wp-content\/uploads\/2025\/05\/Kliofest-01-utorak-I-03-T-Pro-tempore.jpg?fit=1240%2C585&ssl=1","jetpack_sharing_enabled":true,"jetpack-related-posts":[],"_links":{"self":[{"href":"https:\/\/historiografija.hr\/index.php?rest_route=\/wp\/v2\/posts\/46484","targetHints":{"allow":["GET"]}}],"collection":[{"href":"https:\/\/historiografija.hr\/index.php?rest_route=\/wp\/v2\/posts"}],"about":[{"href":"https:\/\/historiografija.hr\/index.php?rest_route=\/wp\/v2\/types\/post"}],"author":[{"embeddable":true,"href":"https:\/\/historiografija.hr\/index.php?rest_route=\/wp\/v2\/users\/2"}],"replies":[{"embeddable":true,"href":"https:\/\/historiografija.hr\/index.php?rest_route=%2Fwp%2Fv2%2Fcomments&post=46484"}],"version-history":[{"count":1,"href":"https:\/\/historiografija.hr\/index.php?rest_route=\/wp\/v2\/posts\/46484\/revisions"}],"predecessor-version":[{"id":46486,"href":"https:\/\/historiografija.hr\/index.php?rest_route=\/wp\/v2\/posts\/46484\/revisions\/46486"}],"wp:featuredmedia":[{"embeddable":true,"href":"https:\/\/historiografija.hr\/index.php?rest_route=\/wp\/v2\/media\/46485"}],"wp:attachment":[{"href":"https:\/\/historiografija.hr\/index.php?rest_route=%2Fwp%2Fv2%2Fmedia&parent=46484"}],"wp:term":[{"taxonomy":"category","embeddable":true,"href":"https:\/\/historiografija.hr\/index.php?rest_route=%2Fwp%2Fv2%2Fcategories&post=46484"},{"taxonomy":"post_tag","embeddable":true,"href":"https:\/\/historiografija.hr\/index.php?rest_route=%2Fwp%2Fv2%2Ftags&post=46484"}],"curies":[{"name":"wp","href":"https:\/\/api.w.org\/{rel}","templated":true}]}}