{"id":46478,"date":"2025-05-10T21:47:36","date_gmt":"2025-05-10T21:47:36","guid":{"rendered":"https:\/\/historiografija.hr\/?p=46478"},"modified":"2025-05-10T21:47:36","modified_gmt":"2025-05-10T21:47:36","slug":"kliofest-2025-okrugli-stol-hrvatska-drzavnost-u-srednjem-vijeku-izmedu-historije-i-mita","status":"publish","type":"post","link":"https:\/\/historiografija.hr\/?p=46478","title":{"rendered":"Kliofest 2025: Okrugli stol \u201eHrvatska dr\u017eavnost u srednjem vijeku izme\u0111u historije i mita\u201c"},"content":{"rendered":"\n<p><strong>Utorak, 13. svibnja 2025.<\/strong><\/p>\n\n\n\n<p>Nacionalna i sveu\u010dili\u0161na knji\u017enica<\/p>\n\n\n\n<p>POZORNICA II.<\/p>\n\n\n\n<p>15.45-17.15 Okrugli stol <strong>Hrvatska dr\u017eavnost u srednjem vijeku izme\u0111u historije i mita<\/strong><\/p>\n\n\n\n<p>Moderator: Trpimir Vedri\u0161<\/p>\n\n\n\n<p>Sudjeluju: Zdenka Janekovi\u0107 R\u00f6mer, Ivan Majnari\u0107, Luka \u0160poljari\u0107<\/p>\n\n\n\n<hr class=\"wp-block-separator has-alpha-channel-opacity\"\/>\n","protected":false},"excerpt":{"rendered":"","protected":false},"author":2,"featured_media":46479,"comment_status":"open","ping_status":"open","sticky":false,"template":"","format":"standard","meta":{"_acf_changed":false,"jetpack_post_was_ever_published":false,"_jetpack_newsletter_access":"","_jetpack_dont_email_post_to_subs":false,"_jetpack_newsletter_tier_id":0,"_jetpack_memberships_contains_paywalled_content":false,"_jetpack_memberships_contains_paid_content":false,"footnotes":"","jetpack_publicize_message":"","jetpack_publicize_feature_enabled":true,"jetpack_social_post_already_shared":true,"jetpack_social_options":{"image_generator_settings":{"template":"highway","default_image_id":0,"font":"","enabled":false},"version":2}},"categories":[3],"tags":[],"class_list":["post-46478","post","type-post","status-publish","format-standard","has-post-thumbnail","hentry","category-novosti"],"acf":{"facebook_opis":""},"jetpack_publicize_connections":[],"jetpack_featured_media_url":"https:\/\/i0.wp.com\/historiografija.hr\/wp-content\/uploads\/2025\/05\/Kliofest-01-utorak-II-11-OS-Hrvatska-drzavnost.jpg?fit=1240%2C585&ssl=1","jetpack_sharing_enabled":true,"jetpack-related-posts":[],"_links":{"self":[{"href":"https:\/\/historiografija.hr\/index.php?rest_route=\/wp\/v2\/posts\/46478","targetHints":{"allow":["GET"]}}],"collection":[{"href":"https:\/\/historiografija.hr\/index.php?rest_route=\/wp\/v2\/posts"}],"about":[{"href":"https:\/\/historiografija.hr\/index.php?rest_route=\/wp\/v2\/types\/post"}],"author":[{"embeddable":true,"href":"https:\/\/historiografija.hr\/index.php?rest_route=\/wp\/v2\/users\/2"}],"replies":[{"embeddable":true,"href":"https:\/\/historiografija.hr\/index.php?rest_route=%2Fwp%2Fv2%2Fcomments&post=46478"}],"version-history":[{"count":1,"href":"https:\/\/historiografija.hr\/index.php?rest_route=\/wp\/v2\/posts\/46478\/revisions"}],"predecessor-version":[{"id":46480,"href":"https:\/\/historiografija.hr\/index.php?rest_route=\/wp\/v2\/posts\/46478\/revisions\/46480"}],"wp:featuredmedia":[{"embeddable":true,"href":"https:\/\/historiografija.hr\/index.php?rest_route=\/wp\/v2\/media\/46479"}],"wp:attachment":[{"href":"https:\/\/historiografija.hr\/index.php?rest_route=%2Fwp%2Fv2%2Fmedia&parent=46478"}],"wp:term":[{"taxonomy":"category","embeddable":true,"href":"https:\/\/historiografija.hr\/index.php?rest_route=%2Fwp%2Fv2%2Fcategories&post=46478"},{"taxonomy":"post_tag","embeddable":true,"href":"https:\/\/historiografija.hr\/index.php?rest_route=%2Fwp%2Fv2%2Ftags&post=46478"}],"curies":[{"name":"wp","href":"https:\/\/api.w.org\/{rel}","templated":true}]}}