{"id":46475,"date":"2025-05-10T21:43:31","date_gmt":"2025-05-10T21:43:31","guid":{"rendered":"https:\/\/historiografija.hr\/?p=46475"},"modified":"2025-05-10T21:43:31","modified_gmt":"2025-05-10T21:43:31","slug":"kliofest-2025-okrugli-stol-1100-godina-hrvatskog-kraljevstva-925-2025-pitanja-i-odgovori","status":"publish","type":"post","link":"https:\/\/historiografija.hr\/?p=46475","title":{"rendered":"Kliofest 2025: Okrugli stol \u201e1100 godina Hrvatskog Kraljevstva (925. \u2013 2025.): pitanja i odgovori\u201c"},"content":{"rendered":"\n<p><strong>Petak, 16. svibnja 2025.<\/strong><\/p>\n\n\n\n<p>Nacionalna i sveu\u010dili\u0161na knji\u017enica<\/p>\n\n\n\n<p>Pozornica I.<\/p>\n\n\n\n<p>11.00-12.30 Okrugli stol <strong>1100 godina Hrvatskog Kraljevstva (925. \u2013 2025.): pitanja i odgovori<\/strong><\/p>\n\n\n\n<p>Moderator: Tomislav Galovi\u0107<\/p>\n\n\n\n<p>Sudjeluju: Ante Birin, Josip degl\u2019 Ivellio, Mirjana Matijevi\u0107 Sokol, Dino Milinovi\u0107, Mirjana Poli\u0107 Bobi\u0107, Vladimir Sokol, Nikolina \u0160imetin \u0160egvi\u0107, Maja Tabak Demo<\/p>\n\n\n\n<hr class=\"wp-block-separator has-alpha-channel-opacity\"\/>\n","protected":false},"excerpt":{"rendered":"","protected":false},"author":2,"featured_media":46476,"comment_status":"open","ping_status":"open","sticky":false,"template":"","format":"standard","meta":{"_acf_changed":false,"jetpack_post_was_ever_published":false,"_jetpack_newsletter_access":"","_jetpack_dont_email_post_to_subs":false,"_jetpack_newsletter_tier_id":0,"_jetpack_memberships_contains_paywalled_content":false,"_jetpack_memberships_contains_paid_content":false,"footnotes":"","jetpack_publicize_message":"","jetpack_publicize_feature_enabled":true,"jetpack_social_post_already_shared":true,"jetpack_social_options":{"image_generator_settings":{"template":"highway","default_image_id":0,"font":"","enabled":false},"version":2}},"categories":[3],"tags":[],"class_list":["post-46475","post","type-post","status-publish","format-standard","has-post-thumbnail","hentry","category-novosti"],"acf":{"facebook_opis":""},"jetpack_publicize_connections":[],"jetpack_featured_media_url":"https:\/\/i0.wp.com\/historiografija.hr\/wp-content\/uploads\/2025\/05\/Kliofest-04-petak-I-02-OS-1100-godina.jpg?fit=1240%2C585&ssl=1","jetpack_sharing_enabled":true,"jetpack-related-posts":[],"_links":{"self":[{"href":"https:\/\/historiografija.hr\/index.php?rest_route=\/wp\/v2\/posts\/46475","targetHints":{"allow":["GET"]}}],"collection":[{"href":"https:\/\/historiografija.hr\/index.php?rest_route=\/wp\/v2\/posts"}],"about":[{"href":"https:\/\/historiografija.hr\/index.php?rest_route=\/wp\/v2\/types\/post"}],"author":[{"embeddable":true,"href":"https:\/\/historiografija.hr\/index.php?rest_route=\/wp\/v2\/users\/2"}],"replies":[{"embeddable":true,"href":"https:\/\/historiografija.hr\/index.php?rest_route=%2Fwp%2Fv2%2Fcomments&post=46475"}],"version-history":[{"count":1,"href":"https:\/\/historiografija.hr\/index.php?rest_route=\/wp\/v2\/posts\/46475\/revisions"}],"predecessor-version":[{"id":46477,"href":"https:\/\/historiografija.hr\/index.php?rest_route=\/wp\/v2\/posts\/46475\/revisions\/46477"}],"wp:featuredmedia":[{"embeddable":true,"href":"https:\/\/historiografija.hr\/index.php?rest_route=\/wp\/v2\/media\/46476"}],"wp:attachment":[{"href":"https:\/\/historiografija.hr\/index.php?rest_route=%2Fwp%2Fv2%2Fmedia&parent=46475"}],"wp:term":[{"taxonomy":"category","embeddable":true,"href":"https:\/\/historiografija.hr\/index.php?rest_route=%2Fwp%2Fv2%2Fcategories&post=46475"},{"taxonomy":"post_tag","embeddable":true,"href":"https:\/\/historiografija.hr\/index.php?rest_route=%2Fwp%2Fv2%2Ftags&post=46475"}],"curies":[{"name":"wp","href":"https:\/\/api.w.org\/{rel}","templated":true}]}}