{"id":46466,"date":"2025-05-10T21:31:44","date_gmt":"2025-05-10T21:31:44","guid":{"rendered":"https:\/\/historiografija.hr\/?p=46466"},"modified":"2025-05-10T21:31:44","modified_gmt":"2025-05-10T21:31:44","slug":"kliofest-2025-okrugli-stol-zene-i-povijesne-mijene-izazovi-povijesti-zena-u-proslosti-i-sadasnjosti","status":"publish","type":"post","link":"https:\/\/historiografija.hr\/?p=46466","title":{"rendered":"Kliofest 2025: Okrugli stol \u201e\u017dene i povijesne mijene \u2013 izazovi povijesti \u017eena u pro\u0161losti i sada\u0161njosti\u201c"},"content":{"rendered":"\n<p><strong>Utorak, 13. svibnja 2025.<\/strong><\/p>\n\n\n\n<p>Nacionalna i sveu\u010dili\u0161na knji\u017enica<\/p>\n\n\n\n<p>POZORNICA I.<\/p>\n\n\n\n<p>12.00-13.45 Okrugli stol <strong>\u017dene i povijesne mijene \u2013 izazovi povijesti \u017eena u pro\u0161losti i sada\u0161njosti<\/strong><\/p>\n\n\n\n<p>Moderatorica: Ida Ograj\u0161ek Gorenjak<\/p>\n\n\n\n<p>Sudjeluju: Andrea Feldman, Marijana Kardum, Jelena Marohni\u0107, Zrinka Nikoli\u0107 Jakus, M\u00e1ria Pakucs<\/p>\n\n\n\n<p>U prvome dijelu okruglog stola ukratko \u0107e biti predstavljen projekt Hrvatske zaklade za znanost <strong><em>\u017dene i mijene: \u017eene kao subjekti povijesnih mijena u Hrvatskoj<\/em><\/strong><\/p>\n\n\n\n<p>Sudjeluju: Ida Ograj\u0161ek Gorenjak (voditeljica projekta), Ana Batini\u0107, Andrea Feldman, Marijana Kardum, Zrinka Nikoli\u0107 Jakus, M\u00e1ria Pakucs, Luka \u0160poljari\u0107, Mirjam Vida Blagojevi\u0107<\/p>\n\n\n\n<hr class=\"wp-block-separator has-alpha-channel-opacity\"\/>\n","protected":false},"excerpt":{"rendered":"","protected":false},"author":2,"featured_media":46467,"comment_status":"open","ping_status":"open","sticky":false,"template":"","format":"standard","meta":{"_acf_changed":false,"jetpack_post_was_ever_published":false,"_jetpack_newsletter_access":"","_jetpack_dont_email_post_to_subs":false,"_jetpack_newsletter_tier_id":0,"_jetpack_memberships_contains_paywalled_content":false,"_jetpack_memberships_contains_paid_content":false,"footnotes":"","jetpack_publicize_message":"","jetpack_publicize_feature_enabled":true,"jetpack_social_post_already_shared":true,"jetpack_social_options":{"image_generator_settings":{"template":"highway","default_image_id":0,"font":"","enabled":false},"version":2}},"categories":[3],"tags":[],"class_list":["post-46466","post","type-post","status-publish","format-standard","has-post-thumbnail","hentry","category-novosti"],"acf":{"facebook_opis":""},"jetpack_publicize_connections":[],"jetpack_featured_media_url":"https:\/\/i0.wp.com\/historiografija.hr\/wp-content\/uploads\/2025\/05\/Kliofest-01-utorak-I-01-OS-Zene-i-povijesne-mijene.jpg?fit=1240%2C585&ssl=1","jetpack_sharing_enabled":true,"jetpack-related-posts":[],"_links":{"self":[{"href":"https:\/\/historiografija.hr\/index.php?rest_route=\/wp\/v2\/posts\/46466","targetHints":{"allow":["GET"]}}],"collection":[{"href":"https:\/\/historiografija.hr\/index.php?rest_route=\/wp\/v2\/posts"}],"about":[{"href":"https:\/\/historiografija.hr\/index.php?rest_route=\/wp\/v2\/types\/post"}],"author":[{"embeddable":true,"href":"https:\/\/historiografija.hr\/index.php?rest_route=\/wp\/v2\/users\/2"}],"replies":[{"embeddable":true,"href":"https:\/\/historiografija.hr\/index.php?rest_route=%2Fwp%2Fv2%2Fcomments&post=46466"}],"version-history":[{"count":1,"href":"https:\/\/historiografija.hr\/index.php?rest_route=\/wp\/v2\/posts\/46466\/revisions"}],"predecessor-version":[{"id":46468,"href":"https:\/\/historiografija.hr\/index.php?rest_route=\/wp\/v2\/posts\/46466\/revisions\/46468"}],"wp:featuredmedia":[{"embeddable":true,"href":"https:\/\/historiografija.hr\/index.php?rest_route=\/wp\/v2\/media\/46467"}],"wp:attachment":[{"href":"https:\/\/historiografija.hr\/index.php?rest_route=%2Fwp%2Fv2%2Fmedia&parent=46466"}],"wp:term":[{"taxonomy":"category","embeddable":true,"href":"https:\/\/historiografija.hr\/index.php?rest_route=%2Fwp%2Fv2%2Fcategories&post=46466"},{"taxonomy":"post_tag","embeddable":true,"href":"https:\/\/historiografija.hr\/index.php?rest_route=%2Fwp%2Fv2%2Ftags&post=46466"}],"curies":[{"name":"wp","href":"https:\/\/api.w.org\/{rel}","templated":true}]}}