{"id":46451,"date":"2025-05-10T14:36:20","date_gmt":"2025-05-10T14:36:20","guid":{"rendered":"https:\/\/historiografija.hr\/?p=46451"},"modified":"2025-05-10T14:36:20","modified_gmt":"2025-05-10T14:36:20","slug":"kliofest-2025-okrugli-stol-medureligijski-dijalog-u-hrvatskoj-i-jugoslaviji-od-1966-do-1989-potreba-ili-prisila","status":"publish","type":"post","link":"https:\/\/historiografija.hr\/?p=46451","title":{"rendered":"Kliofest 2025: Okrugli stol \u201eMe\u0111ureligijski dijalog u Hrvatskoj i Jugoslaviji od 1966. do 1989. Potreba ili prisila?\u201c"},"content":{"rendered":"\n<p><strong>Petak, 16. svibnja 2025.<\/strong><\/p>\n\n\n\n<p>Nacionalna i sveu\u010dili\u0161na knji\u017enica<\/p>\n\n\n\n<p>Pozornica I.<\/p>\n\n\n\n<p>14.15-15.30 Okrugli stol <strong>Me\u0111ureligijski dijalog u Hrvatskoj i Jugoslaviji od 1966. do 1989. Potreba ili prisila?<\/strong><\/p>\n\n\n\n<p>Moderator: Domagoj Krpan<\/p>\n\n\n\n<p>Sudjeluju: Alem ef. Crnki\u0107, Tomislav Kova\u010d, Mislav Miholek<\/p>\n\n\n\n<hr class=\"wp-block-separator has-alpha-channel-opacity\"\/>\n","protected":false},"excerpt":{"rendered":"","protected":false},"author":2,"featured_media":46452,"comment_status":"open","ping_status":"open","sticky":false,"template":"","format":"standard","meta":{"_acf_changed":false,"jetpack_post_was_ever_published":false,"_jetpack_newsletter_access":"","_jetpack_dont_email_post_to_subs":false,"_jetpack_newsletter_tier_id":0,"_jetpack_memberships_contains_paywalled_content":false,"_jetpack_memberships_contains_paid_content":false,"footnotes":"","jetpack_publicize_message":"","jetpack_publicize_feature_enabled":true,"jetpack_social_post_already_shared":true,"jetpack_social_options":{"image_generator_settings":{"template":"highway","default_image_id":0,"font":"","enabled":false},"version":2}},"categories":[3],"tags":[],"class_list":["post-46451","post","type-post","status-publish","format-standard","has-post-thumbnail","hentry","category-novosti"],"acf":{"facebook_opis":""},"jetpack_publicize_connections":[],"jetpack_featured_media_url":"https:\/\/i0.wp.com\/historiografija.hr\/wp-content\/uploads\/2025\/05\/Kliofest-04-petak-I-04-OS-Medjureligijski-dijalog.jpg?fit=1240%2C585&ssl=1","jetpack_sharing_enabled":true,"jetpack-related-posts":[],"_links":{"self":[{"href":"https:\/\/historiografija.hr\/index.php?rest_route=\/wp\/v2\/posts\/46451","targetHints":{"allow":["GET"]}}],"collection":[{"href":"https:\/\/historiografija.hr\/index.php?rest_route=\/wp\/v2\/posts"}],"about":[{"href":"https:\/\/historiografija.hr\/index.php?rest_route=\/wp\/v2\/types\/post"}],"author":[{"embeddable":true,"href":"https:\/\/historiografija.hr\/index.php?rest_route=\/wp\/v2\/users\/2"}],"replies":[{"embeddable":true,"href":"https:\/\/historiografija.hr\/index.php?rest_route=%2Fwp%2Fv2%2Fcomments&post=46451"}],"version-history":[{"count":1,"href":"https:\/\/historiografija.hr\/index.php?rest_route=\/wp\/v2\/posts\/46451\/revisions"}],"predecessor-version":[{"id":46453,"href":"https:\/\/historiografija.hr\/index.php?rest_route=\/wp\/v2\/posts\/46451\/revisions\/46453"}],"wp:featuredmedia":[{"embeddable":true,"href":"https:\/\/historiografija.hr\/index.php?rest_route=\/wp\/v2\/media\/46452"}],"wp:attachment":[{"href":"https:\/\/historiografija.hr\/index.php?rest_route=%2Fwp%2Fv2%2Fmedia&parent=46451"}],"wp:term":[{"taxonomy":"category","embeddable":true,"href":"https:\/\/historiografija.hr\/index.php?rest_route=%2Fwp%2Fv2%2Fcategories&post=46451"},{"taxonomy":"post_tag","embeddable":true,"href":"https:\/\/historiografija.hr\/index.php?rest_route=%2Fwp%2Fv2%2Ftags&post=46451"}],"curies":[{"name":"wp","href":"https:\/\/api.w.org\/{rel}","templated":true}]}}