{"id":46445,"date":"2025-05-10T14:22:47","date_gmt":"2025-05-10T14:22:47","guid":{"rendered":"https:\/\/historiografija.hr\/?p=46445"},"modified":"2025-05-10T14:22:47","modified_gmt":"2025-05-10T14:22:47","slug":"kliofest-2025-predstavljanje-knjige-mateusza-sokulskog-polska-w-polityce-jugoslawii-w-latach-1968-1981","status":"publish","type":"post","link":"https:\/\/historiografija.hr\/?p=46445","title":{"rendered":"Kliofest 2025: Predstavljanje knjige Mateusza Sokulskog \u201ePolska w polityce Jugos\u0142awii w latach 1968\u20131981\u201c"},"content":{"rendered":"\n<p><strong>Srijeda, 14. svibnja 2025.<\/strong><\/p>\n\n\n\n<p>Nacionalna i sveu\u010dili\u0161na knji\u017enica<\/p>\n\n\n\n<p>Pozornica II.<\/p>\n\n\n\n<p>12.00-12.45 Predstavljanje knjige Mateusz Sokulski, <strong><em>Polska w polityce Jugos\u0142awii w latach 1968\u20131981<\/em><\/strong>, IPN Katowice<\/p>\n\n\n\n<p>Sudjeluju: Mateusz Sokulski, Slaven Kale, Tomasz Jacek Lis<\/p>\n\n\n\n<hr class=\"wp-block-separator has-alpha-channel-opacity\"\/>\n","protected":false},"excerpt":{"rendered":"","protected":false},"author":2,"featured_media":46446,"comment_status":"open","ping_status":"open","sticky":false,"template":"","format":"standard","meta":{"_acf_changed":false,"jetpack_post_was_ever_published":false,"_jetpack_newsletter_access":"","_jetpack_dont_email_post_to_subs":false,"_jetpack_newsletter_tier_id":0,"_jetpack_memberships_contains_paywalled_content":false,"_jetpack_memberships_contains_paid_content":false,"footnotes":"","jetpack_publicize_message":"","jetpack_publicize_feature_enabled":true,"jetpack_social_post_already_shared":true,"jetpack_social_options":{"image_generator_settings":{"template":"highway","default_image_id":0,"font":"","enabled":false},"version":2}},"categories":[3],"tags":[],"class_list":["post-46445","post","type-post","status-publish","format-standard","has-post-thumbnail","hentry","category-novosti"],"acf":{"facebook_opis":""},"jetpack_publicize_connections":[],"jetpack_featured_media_url":"https:\/\/i0.wp.com\/historiografija.hr\/wp-content\/uploads\/2025\/05\/Kliofest-02-srijeda-II-11-PK-Polska-w-polityce.jpg?fit=1240%2C585&ssl=1","jetpack_sharing_enabled":true,"jetpack-related-posts":[],"_links":{"self":[{"href":"https:\/\/historiografija.hr\/index.php?rest_route=\/wp\/v2\/posts\/46445","targetHints":{"allow":["GET"]}}],"collection":[{"href":"https:\/\/historiografija.hr\/index.php?rest_route=\/wp\/v2\/posts"}],"about":[{"href":"https:\/\/historiografija.hr\/index.php?rest_route=\/wp\/v2\/types\/post"}],"author":[{"embeddable":true,"href":"https:\/\/historiografija.hr\/index.php?rest_route=\/wp\/v2\/users\/2"}],"replies":[{"embeddable":true,"href":"https:\/\/historiografija.hr\/index.php?rest_route=%2Fwp%2Fv2%2Fcomments&post=46445"}],"version-history":[{"count":1,"href":"https:\/\/historiografija.hr\/index.php?rest_route=\/wp\/v2\/posts\/46445\/revisions"}],"predecessor-version":[{"id":46447,"href":"https:\/\/historiografija.hr\/index.php?rest_route=\/wp\/v2\/posts\/46445\/revisions\/46447"}],"wp:featuredmedia":[{"embeddable":true,"href":"https:\/\/historiografija.hr\/index.php?rest_route=\/wp\/v2\/media\/46446"}],"wp:attachment":[{"href":"https:\/\/historiografija.hr\/index.php?rest_route=%2Fwp%2Fv2%2Fmedia&parent=46445"}],"wp:term":[{"taxonomy":"category","embeddable":true,"href":"https:\/\/historiografija.hr\/index.php?rest_route=%2Fwp%2Fv2%2Fcategories&post=46445"},{"taxonomy":"post_tag","embeddable":true,"href":"https:\/\/historiografija.hr\/index.php?rest_route=%2Fwp%2Fv2%2Ftags&post=46445"}],"curies":[{"name":"wp","href":"https:\/\/api.w.org\/{rel}","templated":true}]}}