{"id":46411,"date":"2025-05-09T21:54:07","date_gmt":"2025-05-09T21:54:07","guid":{"rendered":"https:\/\/historiografija.hr\/?p=46411"},"modified":"2025-05-09T21:54:07","modified_gmt":"2025-05-09T21:54:07","slug":"kliofest-2025-predstavljanje-knjige-milan-japuncic-intelektualac-i-veliki-rat-dnevnicki-zapisi-iz-ruskog-zarobljenistva-gimnazijskog-profesora-milana-japuncica-1916-1918","status":"publish","type":"post","link":"https:\/\/historiografija.hr\/?p=46411","title":{"rendered":"Kliofest 2025: Predstavljanje knjige Milan Japun\u010di\u0107, \u201eIntelektualac i Veliki rat. Dnevni\u010dki zapisi iz ruskog zarobljeni\u0161tva gimnazijskog profesora Milana Japun\u010di\u0107a (1916.\u2013 1918.)\u201c"},"content":{"rendered":"\n<p><strong>Srijeda, 14. svibnja 2025.<\/strong><\/p>\n\n\n\n<p>Nacionalna i sveu\u010dili\u0161na knji\u017enica<\/p>\n\n\n\n<p>Pozornica II.<\/p>\n\n\n\n<p>16.00-16.45 Predstavljanje knjige Milan Japun\u010di\u0107, <strong><em>Intelektualac i Veliki rat. Dnevni\u010dki zapisi iz ruskog zarobljeni\u0161tva gimnazijskog profesora Milana Japun\u010di\u0107a (1916.\u2013 1918.)<\/em><\/strong>, Dr\u017eavni arhiv u Gospi\u0107u, Centar za inovativne studije Filozofskoga fakulteta Sveu\u010dili\u0161ta u Zagrebu<\/p>\n\n\n\n<p>Sudjeluju: Ivica Mataija, Filip Hamer\u0161ak, Marta Jankovi\u0107, Mario Stipan\u010devi\u0107, Filip \u0160imetin \u0160egvi\u0107<\/p>\n\n\n\n<hr class=\"wp-block-separator has-alpha-channel-opacity\"\/>\n","protected":false},"excerpt":{"rendered":"","protected":false},"author":2,"featured_media":46412,"comment_status":"open","ping_status":"open","sticky":false,"template":"","format":"standard","meta":{"_acf_changed":false,"jetpack_post_was_ever_published":false,"_jetpack_newsletter_access":"","_jetpack_dont_email_post_to_subs":false,"_jetpack_newsletter_tier_id":0,"_jetpack_memberships_contains_paywalled_content":false,"_jetpack_memberships_contains_paid_content":false,"footnotes":"","jetpack_publicize_message":"","jetpack_publicize_feature_enabled":true,"jetpack_social_post_already_shared":true,"jetpack_social_options":{"image_generator_settings":{"template":"highway","default_image_id":0,"font":"","enabled":false},"version":2}},"categories":[3],"tags":[],"class_list":["post-46411","post","type-post","status-publish","format-standard","has-post-thumbnail","hentry","category-novosti"],"acf":{"facebook_opis":""},"jetpack_publicize_connections":[],"jetpack_featured_media_url":"https:\/\/i0.wp.com\/historiografija.hr\/wp-content\/uploads\/2025\/05\/Kliofest-02-srijeda-II-15-PK-Intelektualac.jpg?fit=1240%2C585&ssl=1","jetpack_sharing_enabled":true,"jetpack-related-posts":[],"_links":{"self":[{"href":"https:\/\/historiografija.hr\/index.php?rest_route=\/wp\/v2\/posts\/46411","targetHints":{"allow":["GET"]}}],"collection":[{"href":"https:\/\/historiografija.hr\/index.php?rest_route=\/wp\/v2\/posts"}],"about":[{"href":"https:\/\/historiografija.hr\/index.php?rest_route=\/wp\/v2\/types\/post"}],"author":[{"embeddable":true,"href":"https:\/\/historiografija.hr\/index.php?rest_route=\/wp\/v2\/users\/2"}],"replies":[{"embeddable":true,"href":"https:\/\/historiografija.hr\/index.php?rest_route=%2Fwp%2Fv2%2Fcomments&post=46411"}],"version-history":[{"count":1,"href":"https:\/\/historiografija.hr\/index.php?rest_route=\/wp\/v2\/posts\/46411\/revisions"}],"predecessor-version":[{"id":46413,"href":"https:\/\/historiografija.hr\/index.php?rest_route=\/wp\/v2\/posts\/46411\/revisions\/46413"}],"wp:featuredmedia":[{"embeddable":true,"href":"https:\/\/historiografija.hr\/index.php?rest_route=\/wp\/v2\/media\/46412"}],"wp:attachment":[{"href":"https:\/\/historiografija.hr\/index.php?rest_route=%2Fwp%2Fv2%2Fmedia&parent=46411"}],"wp:term":[{"taxonomy":"category","embeddable":true,"href":"https:\/\/historiografija.hr\/index.php?rest_route=%2Fwp%2Fv2%2Fcategories&post=46411"},{"taxonomy":"post_tag","embeddable":true,"href":"https:\/\/historiografija.hr\/index.php?rest_route=%2Fwp%2Fv2%2Ftags&post=46411"}],"curies":[{"name":"wp","href":"https:\/\/api.w.org\/{rel}","templated":true}]}}