{"id":46395,"date":"2025-05-09T21:23:36","date_gmt":"2025-05-09T21:23:36","guid":{"rendered":"https:\/\/historiografija.hr\/?p=46395"},"modified":"2025-05-09T21:23:36","modified_gmt":"2025-05-09T21:23:36","slug":"kliofest-2025-predstavljanje-knjige-darjan-godic-i-jaksa-raguz-karlovacka-oklopno-mehanizirana-postrojba-u-domovinskom-ratu","status":"publish","type":"post","link":"https:\/\/historiografija.hr\/?p=46395","title":{"rendered":"Kliofest 2025: Predstavljanje knjige Darjan Godi\u0107 i Jak\u0161a Ragu\u017e, &#8220;Karlova\u010dka oklopno-mehanizirana postrojba u Domovinskom ratu&#8221;"},"content":{"rendered":"\n<p><strong>\u010cetvrtak, 15. svibnja 2025.<\/strong><\/p>\n\n\n\n<p>Nacionalna i sveu\u010dili\u0161na knji\u017enica<\/p>\n\n\n\n<p>Pozornica II.<\/p>\n\n\n\n<p>14.00-14.45 Predstavljanje knjige Darjan Godi\u0107 i Jak\u0161a Ragu\u017e, <strong><em>Karlova\u010dka oklopno-mehanizirana postrojba u Domovinskom ratu<\/em><\/strong>, Veterani oklopno mehanizirane postrojbe HV Karlovac i Hrvatski institut za povijest<\/p>\n\n\n\n<p>Sudjeluju: Darjan Godi\u0107, Jak\u0161a Ragu\u017e, Miroslav Dobrani\u0107, Milan Male\u0161<\/p>\n\n\n\n<hr class=\"wp-block-separator has-alpha-channel-opacity\"\/>\n","protected":false},"excerpt":{"rendered":"","protected":false},"author":2,"featured_media":46396,"comment_status":"open","ping_status":"open","sticky":false,"template":"","format":"standard","meta":{"_acf_changed":false,"jetpack_post_was_ever_published":false,"_jetpack_newsletter_access":"","_jetpack_dont_email_post_to_subs":false,"_jetpack_newsletter_tier_id":0,"_jetpack_memberships_contains_paywalled_content":false,"_jetpack_memberships_contains_paid_content":false,"footnotes":"","jetpack_publicize_message":"","jetpack_publicize_feature_enabled":true,"jetpack_social_post_already_shared":true,"jetpack_social_options":{"image_generator_settings":{"template":"highway","default_image_id":0,"font":"","enabled":false},"version":2}},"categories":[3],"tags":[],"class_list":["post-46395","post","type-post","status-publish","format-standard","has-post-thumbnail","hentry","category-novosti"],"acf":{"facebook_opis":""},"jetpack_publicize_connections":[],"jetpack_featured_media_url":"https:\/\/i0.wp.com\/historiografija.hr\/wp-content\/uploads\/2025\/05\/Kliofest-03-cetvrtak-II-13-PK-Karlovacka-oklopno-mehanizirana.jpg?fit=1240%2C585&ssl=1","jetpack_sharing_enabled":true,"jetpack-related-posts":[],"_links":{"self":[{"href":"https:\/\/historiografija.hr\/index.php?rest_route=\/wp\/v2\/posts\/46395","targetHints":{"allow":["GET"]}}],"collection":[{"href":"https:\/\/historiografija.hr\/index.php?rest_route=\/wp\/v2\/posts"}],"about":[{"href":"https:\/\/historiografija.hr\/index.php?rest_route=\/wp\/v2\/types\/post"}],"author":[{"embeddable":true,"href":"https:\/\/historiografija.hr\/index.php?rest_route=\/wp\/v2\/users\/2"}],"replies":[{"embeddable":true,"href":"https:\/\/historiografija.hr\/index.php?rest_route=%2Fwp%2Fv2%2Fcomments&post=46395"}],"version-history":[{"count":1,"href":"https:\/\/historiografija.hr\/index.php?rest_route=\/wp\/v2\/posts\/46395\/revisions"}],"predecessor-version":[{"id":46397,"href":"https:\/\/historiografija.hr\/index.php?rest_route=\/wp\/v2\/posts\/46395\/revisions\/46397"}],"wp:featuredmedia":[{"embeddable":true,"href":"https:\/\/historiografija.hr\/index.php?rest_route=\/wp\/v2\/media\/46396"}],"wp:attachment":[{"href":"https:\/\/historiografija.hr\/index.php?rest_route=%2Fwp%2Fv2%2Fmedia&parent=46395"}],"wp:term":[{"taxonomy":"category","embeddable":true,"href":"https:\/\/historiografija.hr\/index.php?rest_route=%2Fwp%2Fv2%2Fcategories&post=46395"},{"taxonomy":"post_tag","embeddable":true,"href":"https:\/\/historiografija.hr\/index.php?rest_route=%2Fwp%2Fv2%2Ftags&post=46395"}],"curies":[{"name":"wp","href":"https:\/\/api.w.org\/{rel}","templated":true}]}}