{"id":46389,"date":"2025-05-09T21:06:39","date_gmt":"2025-05-09T21:06:39","guid":{"rendered":"https:\/\/historiografija.hr\/?p=46389"},"modified":"2025-05-09T21:06:39","modified_gmt":"2025-05-09T21:06:39","slug":"kliofest-2025-predstavljanje-preporuka-medunarodnog-saveza-za-sjecanje-na-holokaust-na-temu-ucenje-o-progonu-i-genocidu-nad-romima-tijekom-nacisticke-ere","status":"publish","type":"post","link":"https:\/\/historiografija.hr\/?p=46389","title":{"rendered":"Kliofest 2025: Predstavljanje Preporuka Me\u0111unarodnog saveza za sje\u0107anje na holokaust na temu \u201eU\u010denje o progonu i genocidu nad Romima tijekom nacisti\u010dke ere\u201d"},"content":{"rendered":"\n<p><strong>\u010cetvrtak, 15. svibnja 2025.<\/strong><\/p>\n\n\n\n<p>Nacionalna i sveu\u010dili\u0161na knji\u017enica<\/p>\n\n\n\n<p>Pozornica II.<\/p>\n\n\n\n<p>12.00-12.45 Predstavljanje Preporuka Me\u0111unarodnog saveza za sje\u0107anje na holokaust na temu \u201eU\u010denje o progonu i genocidu nad Romima tijekom nacisti\u010dke ere\u201d<\/p>\n\n\n\n<p>Sudjeluju: Danijel Vojak, St\u00e9phane Laederich, Kristina Lukec, Loranda Mileti\u0107<\/p>\n\n\n\n<hr class=\"wp-block-separator has-alpha-channel-opacity\"\/>\n","protected":false},"excerpt":{"rendered":"","protected":false},"author":2,"featured_media":46390,"comment_status":"open","ping_status":"open","sticky":false,"template":"","format":"standard","meta":{"_acf_changed":false,"jetpack_post_was_ever_published":false,"_jetpack_newsletter_access":"","_jetpack_dont_email_post_to_subs":false,"_jetpack_newsletter_tier_id":0,"_jetpack_memberships_contains_paywalled_content":false,"_jetpack_memberships_contains_paid_content":false,"footnotes":"","jetpack_publicize_message":"","jetpack_publicize_feature_enabled":true,"jetpack_social_post_already_shared":true,"jetpack_social_options":{"image_generator_settings":{"template":"highway","default_image_id":0,"font":"","enabled":false},"version":2}},"categories":[3],"tags":[],"class_list":["post-46389","post","type-post","status-publish","format-standard","has-post-thumbnail","hentry","category-novosti"],"acf":{"facebook_opis":""},"jetpack_publicize_connections":[],"jetpack_featured_media_url":"https:\/\/i0.wp.com\/historiografija.hr\/wp-content\/uploads\/2025\/05\/Kliofest-03-cetvrtak-II-11-PP-Medjunarodni-savez-za-sjecanje.jpg?fit=1240%2C585&ssl=1","jetpack_sharing_enabled":true,"jetpack-related-posts":[],"_links":{"self":[{"href":"https:\/\/historiografija.hr\/index.php?rest_route=\/wp\/v2\/posts\/46389","targetHints":{"allow":["GET"]}}],"collection":[{"href":"https:\/\/historiografija.hr\/index.php?rest_route=\/wp\/v2\/posts"}],"about":[{"href":"https:\/\/historiografija.hr\/index.php?rest_route=\/wp\/v2\/types\/post"}],"author":[{"embeddable":true,"href":"https:\/\/historiografija.hr\/index.php?rest_route=\/wp\/v2\/users\/2"}],"replies":[{"embeddable":true,"href":"https:\/\/historiografija.hr\/index.php?rest_route=%2Fwp%2Fv2%2Fcomments&post=46389"}],"version-history":[{"count":1,"href":"https:\/\/historiografija.hr\/index.php?rest_route=\/wp\/v2\/posts\/46389\/revisions"}],"predecessor-version":[{"id":46391,"href":"https:\/\/historiografija.hr\/index.php?rest_route=\/wp\/v2\/posts\/46389\/revisions\/46391"}],"wp:featuredmedia":[{"embeddable":true,"href":"https:\/\/historiografija.hr\/index.php?rest_route=\/wp\/v2\/media\/46390"}],"wp:attachment":[{"href":"https:\/\/historiografija.hr\/index.php?rest_route=%2Fwp%2Fv2%2Fmedia&parent=46389"}],"wp:term":[{"taxonomy":"category","embeddable":true,"href":"https:\/\/historiografija.hr\/index.php?rest_route=%2Fwp%2Fv2%2Fcategories&post=46389"},{"taxonomy":"post_tag","embeddable":true,"href":"https:\/\/historiografija.hr\/index.php?rest_route=%2Fwp%2Fv2%2Ftags&post=46389"}],"curies":[{"name":"wp","href":"https:\/\/api.w.org\/{rel}","templated":true}]}}