{"id":46364,"date":"2025-05-09T19:45:55","date_gmt":"2025-05-09T19:45:55","guid":{"rendered":"https:\/\/historiografija.hr\/?p=46364"},"modified":"2025-05-09T19:46:18","modified_gmt":"2025-05-09T19:46:18","slug":"kliofest-2025-predstavljanje-knjige-anna-maria-grunfelder-nevidljivi-repatrijacija-i-reintegracija-zrtava-holokausta-u-hrvatskoj","status":"publish","type":"post","link":"https:\/\/historiografija.hr\/?p=46364","title":{"rendered":"Kliofest 2025: Predstavljanje knjige Anna Maria Gr\u00fcnfelder \u201eNevidljivi. Repatrijacija i reintegracija \u017ertava Holokausta u Hrvatskoj\u201c"},"content":{"rendered":"\n<p><strong>Srijeda, 14. svibnja 2025.<\/strong><\/p>\n\n\n\n<p>Nacionalna i sveu\u010dili\u0161na knji\u017enica<\/p>\n\n\n\n<p>Pozornica II.<\/p>\n\n\n\n<p>14.00-14.45 Predstavljanje knjige Anna Maria Gr\u00fcnfelder, <strong><em>Nevidljivi. Repatrijacija i reintegracija \u017ertava Holokausta u Hrvatskoj<\/em><\/strong>, Bet Israel \u2013 \u0160tajer Graf<\/p>\n\n\n\n<p>Sudjeluju: Anna Maria Gruenfelder, Danijel Benko, Ljiljana Dobrov\u0161ak, Danijel Vojak<\/p>\n\n\n\n<hr class=\"wp-block-separator has-alpha-channel-opacity\"\/>\n\n\n\n<p><\/p>\n","protected":false},"excerpt":{"rendered":"","protected":false},"author":2,"featured_media":46365,"comment_status":"open","ping_status":"open","sticky":false,"template":"","format":"standard","meta":{"_acf_changed":false,"jetpack_post_was_ever_published":false,"_jetpack_newsletter_access":"","_jetpack_dont_email_post_to_subs":false,"_jetpack_newsletter_tier_id":0,"_jetpack_memberships_contains_paywalled_content":false,"_jetpack_memberships_contains_paid_content":false,"footnotes":"","jetpack_publicize_message":"","jetpack_publicize_feature_enabled":true,"jetpack_social_post_already_shared":true,"jetpack_social_options":{"image_generator_settings":{"template":"highway","default_image_id":0,"font":"","enabled":false},"version":2}},"categories":[3],"tags":[],"class_list":["post-46364","post","type-post","status-publish","format-standard","has-post-thumbnail","hentry","category-novosti"],"acf":{"facebook_opis":""},"jetpack_publicize_connections":[],"jetpack_featured_media_url":"https:\/\/i0.wp.com\/historiografija.hr\/wp-content\/uploads\/2025\/05\/Kliofest-02-srijeda-II-13-PK-Nevidljivi.jpg?fit=1240%2C585&ssl=1","jetpack_sharing_enabled":true,"jetpack-related-posts":[],"_links":{"self":[{"href":"https:\/\/historiografija.hr\/index.php?rest_route=\/wp\/v2\/posts\/46364","targetHints":{"allow":["GET"]}}],"collection":[{"href":"https:\/\/historiografija.hr\/index.php?rest_route=\/wp\/v2\/posts"}],"about":[{"href":"https:\/\/historiografija.hr\/index.php?rest_route=\/wp\/v2\/types\/post"}],"author":[{"embeddable":true,"href":"https:\/\/historiografija.hr\/index.php?rest_route=\/wp\/v2\/users\/2"}],"replies":[{"embeddable":true,"href":"https:\/\/historiografija.hr\/index.php?rest_route=%2Fwp%2Fv2%2Fcomments&post=46364"}],"version-history":[{"count":2,"href":"https:\/\/historiografija.hr\/index.php?rest_route=\/wp\/v2\/posts\/46364\/revisions"}],"predecessor-version":[{"id":46367,"href":"https:\/\/historiografija.hr\/index.php?rest_route=\/wp\/v2\/posts\/46364\/revisions\/46367"}],"wp:featuredmedia":[{"embeddable":true,"href":"https:\/\/historiografija.hr\/index.php?rest_route=\/wp\/v2\/media\/46365"}],"wp:attachment":[{"href":"https:\/\/historiografija.hr\/index.php?rest_route=%2Fwp%2Fv2%2Fmedia&parent=46364"}],"wp:term":[{"taxonomy":"category","embeddable":true,"href":"https:\/\/historiografija.hr\/index.php?rest_route=%2Fwp%2Fv2%2Fcategories&post=46364"},{"taxonomy":"post_tag","embeddable":true,"href":"https:\/\/historiografija.hr\/index.php?rest_route=%2Fwp%2Fv2%2Ftags&post=46364"}],"curies":[{"name":"wp","href":"https:\/\/api.w.org\/{rel}","templated":true}]}}