{"id":46361,"date":"2025-05-09T19:37:00","date_gmt":"2025-05-09T19:37:00","guid":{"rendered":"https:\/\/historiografija.hr\/?p=46361"},"modified":"2025-06-12T20:15:48","modified_gmt":"2025-06-12T20:15:48","slug":"preminula-melita-svob","status":"publish","type":"post","link":"https:\/\/historiografija.hr\/?p=46361","title":{"rendered":"Preminula Melita \u0160vob"},"content":{"rendered":"\n<p>S dubokom tugom obavje\u0161tavamo \u010dlanove i javnost da je <strong>dr. sc. Melita \u0160vob <\/strong>istaknuta \u010dlanica \u017didovske op\u0107ine Zagreb, znanstvenica i \u017eidovska aktivistkinja preminula <strong>2. svibnja 2025. <\/strong>u 94. godini \u017eivota.<\/p>\n\n\n\n<p>Dr. sc. Melita Mela \u0160vob (ro\u0111ena Steiner) bila je istaknuta znanstvenica, pre\u017eivjela Holokausta i predana \u010duvarica \u017eidovske ba\u0161tine. Ro\u0111ena u Zagrebu 1931. godine, njezino osobno iskustvo pre\u017eivljavanja Holokausta oblikovalo je njezinu \u017eivotnu misiju: o\u010duvanje sje\u0107anja na \u017ertve i promicanje obrazovanja o Holokaustu.<\/p>\n\n\n\n<p>Kao predsjednica Udruge pre\u017eivjelih Holokausta u Hrvatskoj, dr. \u0160vob bila je klju\u010dna u zastupanju interesa pre\u017eivjelih, pru\u017eanju pomo\u0107i u ostvarivanju njihovih prava i o\u010duvanju njihovih svjedo\u010danstava kao i u radu \u017denske sekcije \u017dOZ i u organizaciji konferencija za pre\u017eivjele Holokausta i njihove potomke.<\/p>\n\n\n\n<p>Kao direktorica Istra\u017eiva\u010dkog i dokumentacijskog centra CENDO, dr. \u0160vob predvodila je projekte koji su uklju\u010divali prikupljanje i arhiviranje svjedo\u010danstava, dokumentacije i fotografija o \u017ertvama Holokausta u Hrvatskoj. Baza podataka koju je razvila sadr\u017ei informacije o tisu\u0107ama \u017ertava i pre\u017eivjelih, a suradnja s Yad Vashemom omogu\u0107ila je \u0161irenje tih podataka na me\u0111unarodnu razinu .<\/p>\n\n\n\n<p>Dr. \u0160vob bila je i \u010dlanica Izvr\u0161nog odbora Svjetske federacije \u017eidovskih pre\u017eivjelih Holokausta i njihovih potomaka, te je aktivno sudjelovala u me\u0111unarodnim inicijativama za o\u010duvanje sje\u0107anja na Holokaust .<\/p>\n\n\n\n<p>Njezin rad nije bio ograni\u010den samo na dokumentaciju; dr. \u0160vob bila je i autorica nekoliko va\u017enih publikacija, uklju\u010duju\u0107i knjige kao \u0161to je &#8220;Jews in Croatia: Holocaust victims and survivors&#8221;, koja je prvi korak u planiranim aktivnostima dokumentiranja, istra\u017eivanja i obrazovanja o Holokaustu u Hrvatskoj.<\/p>\n\n\n\n<p>Njezin doprinos nije pro\u0161ao nezapa\u017eeno; primila je zahvalnicu od ureda Claims Conference u Tel Avivu za svoj volonterski rad u okviru Istra\u017eiva\u010dkog i dokumentacijskog centra CENDO.<\/p>\n\n\n\n<p>Dr.sc. Melita \u0160vob ostavila je neizbrisiv trag u o\u010duvanju sje\u0107anja na Holokaust i \u017eidovsku ba\u0161tinu u Hrvatskoj. Njezin rad i predanost i dalje slu\u017ee kao inspiracija i podsjetnik na va\u017enost obrazovanja, sje\u0107anja i borbe protiv antisemitizma.<\/p>\n\n\n\n<p>Zihrona Livraha!<\/p>\n\n\n\n<p>\u017didovska op\u0107ina Zagreb<\/p>\n\n\n\n<hr class=\"wp-block-separator has-alpha-channel-opacity\"\/>\n\n\n\n<p>Izvor:<\/p>\n\n\n\n<p><a href=\"https:\/\/www.zoz.hr\/hr\/novosti\/in-memoriam-melita-svob\">https:\/\/www.zoz.hr\/hr\/novosti\/in-memoriam-melita-svob<\/a><\/p>\n\n\n\n<hr class=\"wp-block-separator has-alpha-channel-opacity\"\/>\n\n\n\n<p>Dodatne obavijesti:<\/p>\n\n\n\n<figure class=\"wp-block-embed is-type-wp-embed is-provider-imin wp-block-embed-imin\"><div class=\"wp-block-embed__wrapper\">\n<blockquote class=\"wp-embedded-content\" data-secret=\"YJCfn9wXHv\"><a href=\"https:\/\/www.imin.hr\/preminula-dugogodisnja-zaposlenica-imin-a-dr-sc-melita-svob\/\">Preminula dugogodi\u0161nja zaposlenica IMIN-a, dr. sc. Melita \u0160vob<\/a><\/blockquote><iframe loading=\"lazy\" class=\"wp-embedded-content\" sandbox=\"allow-scripts\" security=\"restricted\" style=\"position: absolute; visibility: hidden;\" title=\"&#8220;Preminula dugogodi\u0161nja zaposlenica IMIN-a, dr. sc. Melita \u0160vob&#8221; &#8212; IMIN\" src=\"https:\/\/www.imin.hr\/preminula-dugogodisnja-zaposlenica-imin-a-dr-sc-melita-svob\/embed\/#?secret=8U7MA1BfKQ#?secret=YJCfn9wXHv\" data-secret=\"YJCfn9wXHv\" width=\"600\" height=\"338\" frameborder=\"0\" marginwidth=\"0\" marginheight=\"0\" scrolling=\"no\"><\/iframe>\n<\/div><\/figure>\n\n\n\n<hr class=\"wp-block-separator has-alpha-channel-opacity\"\/>\n","protected":false},"excerpt":{"rendered":"","protected":false},"author":2,"featured_media":46362,"comment_status":"open","ping_status":"open","sticky":false,"template":"","format":"standard","meta":{"_acf_changed":false,"jetpack_post_was_ever_published":false,"_jetpack_newsletter_access":"","_jetpack_dont_email_post_to_subs":false,"_jetpack_newsletter_tier_id":0,"_jetpack_memberships_contains_paywalled_content":false,"_jetpack_memberships_contains_paid_content":false,"footnotes":"","jetpack_publicize_message":"","jetpack_publicize_feature_enabled":true,"jetpack_social_post_already_shared":true,"jetpack_social_options":{"image_generator_settings":{"template":"highway","default_image_id":0,"font":"","enabled":false},"version":2}},"categories":[3,20],"tags":[],"class_list":["post-46361","post","type-post","status-publish","format-standard","has-post-thumbnail","hentry","category-novosti","category-obavijesti-o-smrti-i-nekrolozi"],"acf":{"facebook_opis":""},"jetpack_publicize_connections":[],"jetpack_featured_media_url":"https:\/\/i0.wp.com\/historiografija.hr\/wp-content\/uploads\/2025\/05\/Melita-Svob_Sasa-Zinaja_NFOTO.jpg?fit=600%2C330&ssl=1","jetpack_sharing_enabled":true,"jetpack-related-posts":[],"_links":{"self":[{"href":"https:\/\/historiografija.hr\/index.php?rest_route=\/wp\/v2\/posts\/46361","targetHints":{"allow":["GET"]}}],"collection":[{"href":"https:\/\/historiografija.hr\/index.php?rest_route=\/wp\/v2\/posts"}],"about":[{"href":"https:\/\/historiografija.hr\/index.php?rest_route=\/wp\/v2\/types\/post"}],"author":[{"embeddable":true,"href":"https:\/\/historiografija.hr\/index.php?rest_route=\/wp\/v2\/users\/2"}],"replies":[{"embeddable":true,"href":"https:\/\/historiografija.hr\/index.php?rest_route=%2Fwp%2Fv2%2Fcomments&post=46361"}],"version-history":[{"count":2,"href":"https:\/\/historiografija.hr\/index.php?rest_route=\/wp\/v2\/posts\/46361\/revisions"}],"predecessor-version":[{"id":46950,"href":"https:\/\/historiografija.hr\/index.php?rest_route=\/wp\/v2\/posts\/46361\/revisions\/46950"}],"wp:featuredmedia":[{"embeddable":true,"href":"https:\/\/historiografija.hr\/index.php?rest_route=\/wp\/v2\/media\/46362"}],"wp:attachment":[{"href":"https:\/\/historiografija.hr\/index.php?rest_route=%2Fwp%2Fv2%2Fmedia&parent=46361"}],"wp:term":[{"taxonomy":"category","embeddable":true,"href":"https:\/\/historiografija.hr\/index.php?rest_route=%2Fwp%2Fv2%2Fcategories&post=46361"},{"taxonomy":"post_tag","embeddable":true,"href":"https:\/\/historiografija.hr\/index.php?rest_route=%2Fwp%2Fv2%2Ftags&post=46361"}],"curies":[{"name":"wp","href":"https:\/\/api.w.org\/{rel}","templated":true}]}}