{"id":46357,"date":"2025-05-09T19:28:01","date_gmt":"2025-05-09T19:28:01","guid":{"rendered":"https:\/\/historiografija.hr\/?p=46357"},"modified":"2025-05-09T19:28:51","modified_gmt":"2025-05-09T19:28:51","slug":"turisticko-dramski-obilazak-grada-ilegala-u-zagrebu","status":"publish","type":"post","link":"https:\/\/historiografija.hr\/?p=46357","title":{"rendered":"Turisti\u010dko-dramski obilazak grada \u201eIlegala u Zagrebu\u201c"},"content":{"rendered":"\n<p>U Zagrebu se odr\u017eava program <em>Ilegala u Zagrebu<\/em>, &#8220;turisti\u010dko-dramski obilazak grada kojim se \u017eeli podsjetiti na revolucionarnu pro\u0161lost Zagreba od 1941. do 1945. godine, koji je sve \u010detiri ratne godine pru\u017eao otpor usta\u0161kim vlastima i okupatoru.&#8221;<\/p>\n\n\n\n<hr class=\"wp-block-separator has-alpha-channel-opacity\"\/>\n\n\n\n<p>Izvor i dodatne obavijesti:<\/p>\n\n\n\n<p><a href=\"https:\/\/www.vecernji.hr\/kultura\/ilegalka-vera-provela-je-publiku-okupiranim-zagrebom-prepunim-spijuna-1852171\">https:\/\/www.vecernji.hr\/kultura\/ilegalka-vera-provela-je-publiku-okupiranim-zagrebom-prepunim-spijuna-1852171<\/a><\/p>\n\n\n\n<p><a href=\"https:\/\/www.telegram.hr\/kultura\/novo-izdanje-ilegale-u-zagrebu-ovo-je-nacin-djelovanja-protiv-povijesnog-revizionizma-koji-ndh-prikazuje-boljom-i-drugacijom\">https:\/\/www.telegram.hr\/kultura\/novo-izdanje-ilegale-u-zagrebu-ovo-je-nacin-djelovanja-protiv-povijesnog-revizionizma-koji-ndh-prikazuje-boljom-i-drugacijom<\/a><\/p>\n\n\n\n<p><a href=\"https:\/\/www.portalnovosti.com\/novi-ciklus-ilegale-u-zagrebu\">https:\/\/www.portalnovosti.com\/novi-ciklus-ilegale-u-zagrebu<\/a><\/p>\n\n\n\n<p><a href=\"https:\/\/www.portalnovosti.com\/dogovor-i-empatija\">https:\/\/www.portalnovosti.com\/dogovor-i-empatija<\/a><\/p>\n\n\n\n<p><a href=\"https:\/\/www.24sata.hr\/news\/zdravo-kreni-za-mnom-rekla-nam-je-ilegalka-vera-i-dala-nam-propusnicu-ndh-1046168\">https:\/\/www.24sata.hr\/news\/zdravo-kreni-za-mnom-rekla-nam-je-ilegalka-vera-i-dala-nam-propusnicu-ndh-1046168<\/a><\/p>\n\n\n\n<figure class=\"wp-block-embed is-type-wp-embed is-provider-h-alter wp-block-embed-h-alter\"><div class=\"wp-block-embed__wrapper\">\n<blockquote class=\"wp-embedded-content\" data-secret=\"cADmFujwEj\"><a href=\"https:\/\/h-alter.org\/kultura\/setnjom-u-obljetnicu-oslobodenja-od-fasizma\/\">\u0160etnjom u obljetnicu oslobo\u0111enja od fa\u0161izma<\/a><\/blockquote><iframe loading=\"lazy\" class=\"wp-embedded-content\" sandbox=\"allow-scripts\" security=\"restricted\" style=\"position: absolute; visibility: hidden;\" title=\"&#8220;\u0160etnjom u obljetnicu oslobo\u0111enja od fa\u0161izma&#8221; &#8212; H-Alter\" src=\"https:\/\/h-alter.org\/kultura\/setnjom-u-obljetnicu-oslobodenja-od-fasizma\/embed\/#?secret=c8XlDMBLA7#?secret=cADmFujwEj\" data-secret=\"cADmFujwEj\" width=\"600\" height=\"338\" frameborder=\"0\" marginwidth=\"0\" marginheight=\"0\" scrolling=\"no\"><\/iframe>\n<\/div><\/figure>\n\n\n\n<hr class=\"wp-block-separator has-alpha-channel-opacity\"\/>\n","protected":false},"excerpt":{"rendered":"","protected":false},"author":2,"featured_media":46358,"comment_status":"open","ping_status":"open","sticky":false,"template":"","format":"standard","meta":{"_acf_changed":false,"jetpack_post_was_ever_published":false,"_jetpack_newsletter_access":"","_jetpack_dont_email_post_to_subs":false,"_jetpack_newsletter_tier_id":0,"_jetpack_memberships_contains_paywalled_content":false,"_jetpack_memberships_contains_paid_content":false,"footnotes":"","jetpack_publicize_message":"","jetpack_publicize_feature_enabled":true,"jetpack_social_post_already_shared":true,"jetpack_social_options":{"image_generator_settings":{"template":"highway","default_image_id":0,"font":"","enabled":false},"version":2}},"categories":[22,3],"tags":[],"class_list":["post-46357","post","type-post","status-publish","format-standard","has-post-thumbnail","hentry","category-kazalisne-predstave","category-novosti"],"acf":{"facebook_opis":""},"jetpack_publicize_connections":[],"jetpack_featured_media_url":"https:\/\/i0.wp.com\/historiografija.hr\/wp-content\/uploads\/2025\/05\/Bojan_Mrdenovic.jpg?fit=1200%2C720&ssl=1","jetpack_sharing_enabled":true,"jetpack-related-posts":[],"_links":{"self":[{"href":"https:\/\/historiografija.hr\/index.php?rest_route=\/wp\/v2\/posts\/46357","targetHints":{"allow":["GET"]}}],"collection":[{"href":"https:\/\/historiografija.hr\/index.php?rest_route=\/wp\/v2\/posts"}],"about":[{"href":"https:\/\/historiografija.hr\/index.php?rest_route=\/wp\/v2\/types\/post"}],"author":[{"embeddable":true,"href":"https:\/\/historiografija.hr\/index.php?rest_route=\/wp\/v2\/users\/2"}],"replies":[{"embeddable":true,"href":"https:\/\/historiografija.hr\/index.php?rest_route=%2Fwp%2Fv2%2Fcomments&post=46357"}],"version-history":[{"count":2,"href":"https:\/\/historiografija.hr\/index.php?rest_route=\/wp\/v2\/posts\/46357\/revisions"}],"predecessor-version":[{"id":46360,"href":"https:\/\/historiografija.hr\/index.php?rest_route=\/wp\/v2\/posts\/46357\/revisions\/46360"}],"wp:featuredmedia":[{"embeddable":true,"href":"https:\/\/historiografija.hr\/index.php?rest_route=\/wp\/v2\/media\/46358"}],"wp:attachment":[{"href":"https:\/\/historiografija.hr\/index.php?rest_route=%2Fwp%2Fv2%2Fmedia&parent=46357"}],"wp:term":[{"taxonomy":"category","embeddable":true,"href":"https:\/\/historiografija.hr\/index.php?rest_route=%2Fwp%2Fv2%2Fcategories&post=46357"},{"taxonomy":"post_tag","embeddable":true,"href":"https:\/\/historiografija.hr\/index.php?rest_route=%2Fwp%2Fv2%2Ftags&post=46357"}],"curies":[{"name":"wp","href":"https:\/\/api.w.org\/{rel}","templated":true}]}}