{"id":46349,"date":"2025-05-09T18:42:44","date_gmt":"2025-05-09T18:42:44","guid":{"rendered":"https:\/\/historiografija.hr\/?p=46349"},"modified":"2025-05-09T18:42:44","modified_gmt":"2025-05-09T18:42:44","slug":"ivan-sibl-iz-ilegalnog-zagreba-novo-izdanje","status":"publish","type":"post","link":"https:\/\/historiografija.hr\/?p=46349","title":{"rendered":"Ivan \u0160ibl, \u201eIz ilegalnog Zagreba\u201c (novo izdanje)"},"content":{"rendered":"\n<p>Bez patetike i bez dociranja, istodobno mo\u0107ni, potresni, mladena\u010dki iskreni i duhoviti memoarski zapisi Ivana \u0160ibla Iz ilegalnog Zagreba, 1941. \u2013 1942. svjedo\u010danstvo su vremena u kojem su ljudi bili prisiljeni izabrati strane. Poput mnogih mladi\u0107a i djevojaka u okupiranoj Europi, onih u Zagrebu, Parizu, Pragu, Var\u0161avi\u2026, \u0160ibl je odabrao stranu koja se usprotivila nacisti\u010dkom i usta\u0161kom teroru. I nakon vi\u0161e od pola stolje\u0107a otkako su prvi put objavljeni, ovi memoarski zapisi ostaju vrhunsko djelo ratne proze, nu\u017eno i vrijedno otimanja zaboravu.<\/p>\n\n\n\n<p><strong>&nbsp;&nbsp;&nbsp; O autoru<\/strong><\/p>\n\n\n\n<p>&nbsp;&nbsp;&nbsp; Ivan \u0160ibl (Virovitica, 1917. \u2013 Zagreb, 1989.), hrvatski knji\u017eevnik i politi\u010dar. Tijekom Drugoga svjetskog rata uklju\u010dio se u antifa\u0161isti\u010dki pokret; u Zagrebu je bio \u010dlan ilegalnih udarnih grupa, a 1942. priklju\u010dio se partizanima.<\/p>\n\n\n\n<p>&nbsp;&nbsp;&nbsp; Nakon rata bio je jedan od osniva\u010da i klju\u010dnih ljudi u razvoju Radiotelevizije Zagreb, \u010diji je generalni direktor bio od 1954. do 1963. Bio je i predsjednik nogometnog kluba Dinamo (1959. \u2013 1967.), u razdoblju kada je Dinamo ostvario svoj najve\u0107i me\u0111unarodni uspjeh \u2013 osvajanje Kupa velesajamskih gradova.<\/p>\n\n\n\n<p>&nbsp;&nbsp;&nbsp; Kao jedan od istaknutijih sudionika hrvatskoga prolje\u0107a, nakon 1971. bio je isklju\u010den iz javnog politi\u010dkog \u017eivota.<\/p>\n\n\n\n<p>&nbsp;&nbsp;&nbsp; U knji\u017eevnosti se javio 1950-ih memoarskom prozom ratne tematike. Prema motivima njegovih zapisa snimljeni su filmovi Na\u0161i se putovi razilaze (1957.), Kad \u010duje\u0161 zvona (1969.) i U gori raste zelen bor (1971.) te televizijska serija Sumorna jesen (1969.).<\/p>\n\n\n\n<hr class=\"wp-block-separator has-alpha-channel-opacity\"\/>\n\n\n\n<p>&nbsp;&nbsp;&nbsp; Godina izdanja: 2025.<\/p>\n\n\n\n<p>&nbsp;&nbsp;&nbsp; Broj stranica: 224<\/p>\n\n\n\n<hr class=\"wp-block-separator has-alpha-channel-opacity\"\/>\n\n\n\n<p>Izvor:<\/p>\n\n\n\n<p><a href=\"https:\/\/www.mbbooks.hr\/product-page\/iz-ilegalnog-zagreba\">https:\/\/www.mbbooks.hr\/product-page\/iz-ilegalnog-zagreba<\/a><\/p>\n\n\n\n<hr class=\"wp-block-separator has-alpha-channel-opacity\"\/>\n\n\n\n<p>Iz medija:<\/p>\n\n\n\n<p><a href=\"https:\/\/www.telegram.hr\/kultura\/o-okupiranom-i-slobodarskom-zagrebu-iz-memoara-partizanskog-generala-i-proljecara-ivana-sibla\">https:\/\/www.telegram.hr\/kultura\/o-okupiranom-i-slobodarskom-zagrebu-iz-memoara-partizanskog-generala-i-proljecara-ivana-sibla<\/a><\/p>\n\n\n\n<p><a href=\"https:\/\/www.jutarnji.hr\/kultura\/knjizevnost\/ustase-su-svom-snagom-nabijali-po-vratima-i-prozorima-izasli-smo-u-vrt-i-stisli-se-ni-macak-vlasnice-nije-nas-trpio-osobito-mosu-15581508\">https:\/\/www.jutarnji.hr\/kultura\/knjizevnost\/ustase-su-svom-snagom-nabijali-po-vratima-i-prozorima-izasli-smo-u-vrt-i-stisli-se-ni-macak-vlasnice-nije-nas-trpio-osobito-mosu-15581508<\/a><\/p>\n\n\n\n<p><a href=\"https:\/\/www.tportal.hr\/kultura\/clanak\/novo-izdanje-iz-ilegalnog-zagreba-ivana-sibla-20250506\">https:\/\/www.tportal.hr\/kultura\/clanak\/novo-izdanje-iz-ilegalnog-zagreba-ivana-sibla-20250506<\/a><\/p>\n\n\n\n<p><a href=\"https:\/\/magazin.hrt.hr\/kultura\/novo-izdanje-knjige-ivana-sibla-12147582\">https:\/\/magazin.hrt.hr\/kultura\/novo-izdanje-knjige-ivana-sibla-12147582<\/a><\/p>\n\n\n\n<hr class=\"wp-block-separator has-alpha-channel-opacity\"\/>\n","protected":false},"excerpt":{"rendered":"","protected":false},"author":2,"featured_media":46350,"comment_status":"open","ping_status":"open","sticky":false,"template":"","format":"standard","meta":{"_acf_changed":false,"jetpack_post_was_ever_published":false,"_jetpack_newsletter_access":"","_jetpack_dont_email_post_to_subs":false,"_jetpack_newsletter_tier_id":0,"_jetpack_memberships_contains_paywalled_content":false,"_jetpack_memberships_contains_paid_content":false,"footnotes":"","jetpack_publicize_message":"","jetpack_publicize_feature_enabled":true,"jetpack_social_post_already_shared":true,"jetpack_social_options":{"image_generator_settings":{"template":"highway","default_image_id":0,"font":"","enabled":false},"version":2}},"categories":[8,3],"tags":[],"class_list":["post-46349","post","type-post","status-publish","format-standard","has-post-thumbnail","hentry","category-knjige","category-novosti"],"acf":{"facebook_opis":""},"jetpack_publicize_connections":[],"jetpack_featured_media_url":"https:\/\/historiografija.hr\/wp-content\/uploads\/2025\/05\/Sibl.avif","jetpack_sharing_enabled":true,"jetpack-related-posts":[],"_links":{"self":[{"href":"https:\/\/historiografija.hr\/index.php?rest_route=\/wp\/v2\/posts\/46349","targetHints":{"allow":["GET"]}}],"collection":[{"href":"https:\/\/historiografija.hr\/index.php?rest_route=\/wp\/v2\/posts"}],"about":[{"href":"https:\/\/historiografija.hr\/index.php?rest_route=\/wp\/v2\/types\/post"}],"author":[{"embeddable":true,"href":"https:\/\/historiografija.hr\/index.php?rest_route=\/wp\/v2\/users\/2"}],"replies":[{"embeddable":true,"href":"https:\/\/historiografija.hr\/index.php?rest_route=%2Fwp%2Fv2%2Fcomments&post=46349"}],"version-history":[{"count":1,"href":"https:\/\/historiografija.hr\/index.php?rest_route=\/wp\/v2\/posts\/46349\/revisions"}],"predecessor-version":[{"id":46351,"href":"https:\/\/historiografija.hr\/index.php?rest_route=\/wp\/v2\/posts\/46349\/revisions\/46351"}],"wp:featuredmedia":[{"embeddable":true,"href":"https:\/\/historiografija.hr\/index.php?rest_route=\/wp\/v2\/media\/46350"}],"wp:attachment":[{"href":"https:\/\/historiografija.hr\/index.php?rest_route=%2Fwp%2Fv2%2Fmedia&parent=46349"}],"wp:term":[{"taxonomy":"category","embeddable":true,"href":"https:\/\/historiografija.hr\/index.php?rest_route=%2Fwp%2Fv2%2Fcategories&post=46349"},{"taxonomy":"post_tag","embeddable":true,"href":"https:\/\/historiografija.hr\/index.php?rest_route=%2Fwp%2Fv2%2Ftags&post=46349"}],"curies":[{"name":"wp","href":"https:\/\/api.w.org\/{rel}","templated":true}]}}