{"id":46345,"date":"2025-05-09T18:34:05","date_gmt":"2025-05-09T18:34:05","guid":{"rendered":"https:\/\/historiografija.hr\/?p=46345"},"modified":"2025-05-09T18:34:58","modified_gmt":"2025-05-09T18:34:58","slug":"predstavljanje-zbornika-kultura-sjecanja-na-ratne-i-poratne-zrtve-bleiburske-tragedije-i-kriznog-puta-hrvatskog-naroda","status":"publish","type":"post","link":"https:\/\/historiografija.hr\/?p=46345","title":{"rendered":"Predstavljanje zbornika \u201eKultura sje\u0107anja na ratne i poratne \u017ertve Bleibur\u0161ke tragedije i Kri\u017enog puta hrvatskog naroda\u201c"},"content":{"rendered":"\n<p>U povodu obilje\u017eavanja 80. godi\u0161njice Bleibur\u0161ke tragedije i Kri\u017enog puta hrvatskog naroda u svibnju 1945., u \u010detvrtak, 15. svibnja 2025. u 19 sati, u dvorani \u201eVijenac\u201c Nadbiskupskog pastoralnog instituta u Zagrebu, odr\u017eat \u0107e se sredi\u0161nja komemorativna akademija. Poseban naglasak ovogodi\u0161njeg obilje\u017eavanja stavljen je na znanstveni doprinos u o\u010duvanju povijesne istine, u kojemu va\u017enu ulogu ima Znanstveni zavod Fakulteta hrvatskih studija Sveu\u010dili\u0161ta u Zagrebu.<\/p>\n\n\n\n<p>Program akademije obuhva\u0107a i predstavljanje zbornika radova s me\u0111unarodnog simpozija pod nazivom <em>\u201eKultura sje\u0107anja na ratne i poratne \u017ertve Bleibur\u0161ke tragedije i Kri\u017enog puta hrvatskog naroda\u201c.<\/em> Simpozij je odr\u017ean krajem listopada 2024. u organizaciji Odjela za povijest i Znanstvenog zavoda Fakulteta hrvatskih studija, u suradnji s Hrvatskom maticom iseljenika, Po\u010dasnim bleibur\u0161kim vodom i brojnim institucijama pod pokroviteljstvom Hrvatskog sabora.<\/p>\n\n\n\n<p>Nakladnici zbornika su Odsjek za povijest, Znanstveni zavod Fakulteta hrvatskih studija i Po\u010dasni bleibur\u0161ki vod, a zbornik \u0107e predstaviti urednici, doc. dr. sc. Wollfy Kra\u0161i\u0107, dr. sc. Ivan Tepe\u0161 i akademik Stjepan \u0106osi\u0107, dok \u0107e program moderirati izv. prof. dr. sc. Vlatka Vukeli\u0107, predstojnica Znanstvenog zavoda.<\/p>\n\n\n\n<p>Ova akademija dio je vi\u0161ednevnoga programa posve\u0107enoga komemoraciji koja \u0107e se odvijati u Hrvatskoj, Bosni i Hercegovini te Austriji, u organizaciji Po\u010dasnog bleibur\u0161kog voda, Hrvatskog sabora i Hrvatske biskupske konferencije.<\/p>\n\n\n\n<hr class=\"wp-block-separator has-alpha-channel-opacity\"\/>\n\n\n\n<p>Izvor:<\/p>\n\n\n\n<p><a href=\"https:\/\/www.fhs.unizg.hr\/obavijesti?@=21t2r#news_125014\">https:\/\/www.fhs.unizg.hr\/obavijesti?@=21t2r#news_125014<\/a><\/p>\n\n\n\n<hr class=\"wp-block-separator has-alpha-channel-opacity\"\/>\n\n\n\n<figure class=\"wp-block-image size-large is-resized\"><img data-recalc-dims=\"1\" loading=\"lazy\" decoding=\"async\" width=\"726\" height=\"1024\" data-attachment-id=\"46346\" data-permalink=\"https:\/\/historiografija.hr\/?attachment_id=46346\" data-orig-file=\"https:\/\/i0.wp.com\/historiografija.hr\/wp-content\/uploads\/2025\/05\/Pozivnica.jpg?fit=1280%2C1806&amp;ssl=1\" data-orig-size=\"1280,1806\" data-comments-opened=\"1\" data-image-meta=\"{&quot;aperture&quot;:&quot;0&quot;,&quot;credit&quot;:&quot;&quot;,&quot;camera&quot;:&quot;&quot;,&quot;caption&quot;:&quot;&quot;,&quot;created_timestamp&quot;:&quot;0&quot;,&quot;copyright&quot;:&quot;&quot;,&quot;focal_length&quot;:&quot;0&quot;,&quot;iso&quot;:&quot;0&quot;,&quot;shutter_speed&quot;:&quot;0&quot;,&quot;title&quot;:&quot;&quot;,&quot;orientation&quot;:&quot;0&quot;}\" data-image-title=\"Pozivnica\" data-image-description=\"\" data-image-caption=\"\" data-large-file=\"https:\/\/i0.wp.com\/historiografija.hr\/wp-content\/uploads\/2025\/05\/Pozivnica.jpg?fit=726%2C1024&amp;ssl=1\" src=\"https:\/\/i0.wp.com\/historiografija.hr\/wp-content\/uploads\/2025\/05\/Pozivnica.jpg?resize=726%2C1024&#038;ssl=1\" alt=\"\" class=\"wp-image-46346\" style=\"width:532px;height:auto\" srcset=\"https:\/\/i0.wp.com\/historiografija.hr\/wp-content\/uploads\/2025\/05\/Pozivnica.jpg?resize=726%2C1024&amp;ssl=1 726w, https:\/\/i0.wp.com\/historiografija.hr\/wp-content\/uploads\/2025\/05\/Pozivnica.jpg?resize=213%2C300&amp;ssl=1 213w, https:\/\/i0.wp.com\/historiografija.hr\/wp-content\/uploads\/2025\/05\/Pozivnica.jpg?resize=768%2C1084&amp;ssl=1 768w, https:\/\/i0.wp.com\/historiografija.hr\/wp-content\/uploads\/2025\/05\/Pozivnica.jpg?resize=1089%2C1536&amp;ssl=1 1089w, https:\/\/i0.wp.com\/historiografija.hr\/wp-content\/uploads\/2025\/05\/Pozivnica.jpg?w=1280&amp;ssl=1 1280w\" sizes=\"auto, (max-width: 726px) 100vw, 726px\" \/><\/figure>\n\n\n\n<hr class=\"wp-block-separator has-alpha-channel-opacity\"\/>\n","protected":false},"excerpt":{"rendered":"","protected":false},"author":2,"featured_media":46346,"comment_status":"open","ping_status":"open","sticky":false,"template":"","format":"standard","meta":{"_acf_changed":false,"jetpack_post_was_ever_published":false,"_jetpack_newsletter_access":"","_jetpack_dont_email_post_to_subs":false,"_jetpack_newsletter_tier_id":0,"_jetpack_memberships_contains_paywalled_content":false,"_jetpack_memberships_contains_paid_content":false,"footnotes":"","jetpack_publicize_message":"","jetpack_publicize_feature_enabled":true,"jetpack_social_post_already_shared":true,"jetpack_social_options":{"image_generator_settings":{"template":"highway","default_image_id":0,"font":"","enabled":false},"version":2}},"categories":[3],"tags":[],"class_list":["post-46345","post","type-post","status-publish","format-standard","has-post-thumbnail","hentry","category-novosti"],"acf":{"facebook_opis":""},"jetpack_publicize_connections":[],"jetpack_featured_media_url":"https:\/\/i0.wp.com\/historiografija.hr\/wp-content\/uploads\/2025\/05\/Pozivnica.jpg?fit=1280%2C1806&ssl=1","jetpack_sharing_enabled":true,"jetpack-related-posts":[],"_links":{"self":[{"href":"https:\/\/historiografija.hr\/index.php?rest_route=\/wp\/v2\/posts\/46345","targetHints":{"allow":["GET"]}}],"collection":[{"href":"https:\/\/historiografija.hr\/index.php?rest_route=\/wp\/v2\/posts"}],"about":[{"href":"https:\/\/historiografija.hr\/index.php?rest_route=\/wp\/v2\/types\/post"}],"author":[{"embeddable":true,"href":"https:\/\/historiografija.hr\/index.php?rest_route=\/wp\/v2\/users\/2"}],"replies":[{"embeddable":true,"href":"https:\/\/historiografija.hr\/index.php?rest_route=%2Fwp%2Fv2%2Fcomments&post=46345"}],"version-history":[{"count":2,"href":"https:\/\/historiografija.hr\/index.php?rest_route=\/wp\/v2\/posts\/46345\/revisions"}],"predecessor-version":[{"id":46348,"href":"https:\/\/historiografija.hr\/index.php?rest_route=\/wp\/v2\/posts\/46345\/revisions\/46348"}],"wp:featuredmedia":[{"embeddable":true,"href":"https:\/\/historiografija.hr\/index.php?rest_route=\/wp\/v2\/media\/46346"}],"wp:attachment":[{"href":"https:\/\/historiografija.hr\/index.php?rest_route=%2Fwp%2Fv2%2Fmedia&parent=46345"}],"wp:term":[{"taxonomy":"category","embeddable":true,"href":"https:\/\/historiografija.hr\/index.php?rest_route=%2Fwp%2Fv2%2Fcategories&post=46345"},{"taxonomy":"post_tag","embeddable":true,"href":"https:\/\/historiografija.hr\/index.php?rest_route=%2Fwp%2Fv2%2Ftags&post=46345"}],"curies":[{"name":"wp","href":"https:\/\/api.w.org\/{rel}","templated":true}]}}