{"id":46342,"date":"2025-05-09T18:08:31","date_gmt":"2025-05-09T18:08:31","guid":{"rendered":"https:\/\/historiografija.hr\/?p=46342"},"modified":"2025-05-09T18:09:16","modified_gmt":"2025-05-09T18:09:16","slug":"povcast-u-ime-naroda-progon-narodnih-neprijatelja-u-cakovcu-1945-godine-i-sudenje-vijecu-dvadesetorice","status":"publish","type":"post","link":"https:\/\/historiografija.hr\/?p=46342","title":{"rendered":"Povcast \u2013 U IME NARODA: Progon \u201enarodnih neprijatelja\u201c u \u010cakovcu 1945. godine i su\u0111enje Vije\u0107u dvadesetorice"},"content":{"rendered":"\n<p>\u201ePremda u Me\u0111imurju, za razliku od ve\u0107ih dijelova dana\u0161njega hrvatskog teritorija, tijekom Drugoga svjetskog rata sre\u0107om nije do\u0161lo do \u017ee\u0161\u0107ih ratnih sukoba, opisani doga\u0111aji svjedo\u010de kako ga nakon travnja 1945. godine ipak nije zaobi\u0161ao obra\u010dun s tzv. narodnim neprijateljima i suradnicima doju\u010dera\u0161njih okupatorskih vlasti. Dok se \u017ertava iz tih dana nakon uspostave neovisne Hrvatske s pravom i pijetetom sje\u0107amo svake godine na godi\u0161njice njihovog stradanja, unato\u010d izostanku namjere ponovnog \u2018su\u0111enja\u2019 pokojnicima, ovaj tekst tako\u0111er ima pokazati kako suvremenu tendenciju svo\u0111enja svih stradalih pod nevine \u017ertve komunisti\u010dkog re\u017eima i njihove op\u0107e rehabilitacije tako\u0111er treba uzimati s velikom dozom opreza.\u201c <\/p>\n\n\n\n<p>Sa\u0161a Vukovi\u0107, 6. travnja 2025.<\/p>\n\n\n\n<hr class=\"wp-block-separator has-alpha-channel-opacity\"\/>\n\n\n\n<p><strong><em>Cijeli \u010dlanak dostupan je na sljede\u0107oj poveznici:<\/em><\/strong><\/p>\n\n\n\n<figure class=\"wp-block-embed is-type-wp-embed is-provider-povcast wp-block-embed-povcast\"><div class=\"wp-block-embed__wrapper\">\n<blockquote class=\"wp-embedded-content\" data-secret=\"nzZ1FKb4jo\"><a href=\"https:\/\/povcast.ffzg.unizg.hr\/u-ime-naroda-progon-narodnih-neprijatelja-u-cakovcu-1945-godine-i-sudenje-vijecu-dvadesetorice\/\">U IME NARODA: Progon \u201enarodnih neprijatelja\u201c u \u010cakovcu 1945. godine i su\u0111enje Vije\u0107u dvadesetorice<\/a><\/blockquote><iframe loading=\"lazy\" class=\"wp-embedded-content\" sandbox=\"allow-scripts\" security=\"restricted\" style=\"position: absolute; visibility: hidden;\" title=\"&#8220;U IME NARODA: Progon \u201enarodnih neprijatelja\u201c u \u010cakovcu 1945. godine i su\u0111enje Vije\u0107u dvadesetorice&#8221; &#8212; Povcast\" src=\"https:\/\/povcast.ffzg.unizg.hr\/u-ime-naroda-progon-narodnih-neprijatelja-u-cakovcu-1945-godine-i-sudenje-vijecu-dvadesetorice\/embed\/#?secret=3cwkpepg4S#?secret=nzZ1FKb4jo\" data-secret=\"nzZ1FKb4jo\" width=\"600\" height=\"338\" frameborder=\"0\" marginwidth=\"0\" marginheight=\"0\" scrolling=\"no\"><\/iframe>\n<\/div><\/figure>\n\n\n\n<hr class=\"wp-block-separator has-alpha-channel-opacity\"\/>\n","protected":false},"excerpt":{"rendered":"","protected":false},"author":2,"featured_media":46344,"comment_status":"open","ping_status":"open","sticky":false,"template":"","format":"standard","meta":{"_acf_changed":false,"jetpack_post_was_ever_published":false,"_jetpack_newsletter_access":"","_jetpack_dont_email_post_to_subs":false,"_jetpack_newsletter_tier_id":0,"_jetpack_memberships_contains_paywalled_content":false,"_jetpack_memberships_contains_paid_content":false,"footnotes":"","jetpack_publicize_message":"","jetpack_publicize_feature_enabled":true,"jetpack_social_post_already_shared":true,"jetpack_social_options":{"image_generator_settings":{"template":"highway","default_image_id":0,"font":"","enabled":false},"version":2}},"categories":[3],"tags":[],"class_list":["post-46342","post","type-post","status-publish","format-standard","has-post-thumbnail","hentry","category-novosti"],"acf":{"facebook_opis":""},"jetpack_publicize_connections":[],"jetpack_featured_media_url":"https:\/\/i0.wp.com\/historiografija.hr\/wp-content\/uploads\/2025\/05\/Vukovic.png?fit=1898%2C888&ssl=1","jetpack_sharing_enabled":true,"jetpack-related-posts":[],"_links":{"self":[{"href":"https:\/\/historiografija.hr\/index.php?rest_route=\/wp\/v2\/posts\/46342","targetHints":{"allow":["GET"]}}],"collection":[{"href":"https:\/\/historiografija.hr\/index.php?rest_route=\/wp\/v2\/posts"}],"about":[{"href":"https:\/\/historiografija.hr\/index.php?rest_route=\/wp\/v2\/types\/post"}],"author":[{"embeddable":true,"href":"https:\/\/historiografija.hr\/index.php?rest_route=\/wp\/v2\/users\/2"}],"replies":[{"embeddable":true,"href":"https:\/\/historiografija.hr\/index.php?rest_route=%2Fwp%2Fv2%2Fcomments&post=46342"}],"version-history":[{"count":1,"href":"https:\/\/historiografija.hr\/index.php?rest_route=\/wp\/v2\/posts\/46342\/revisions"}],"predecessor-version":[{"id":46343,"href":"https:\/\/historiografija.hr\/index.php?rest_route=\/wp\/v2\/posts\/46342\/revisions\/46343"}],"wp:featuredmedia":[{"embeddable":true,"href":"https:\/\/historiografija.hr\/index.php?rest_route=\/wp\/v2\/media\/46344"}],"wp:attachment":[{"href":"https:\/\/historiografija.hr\/index.php?rest_route=%2Fwp%2Fv2%2Fmedia&parent=46342"}],"wp:term":[{"taxonomy":"category","embeddable":true,"href":"https:\/\/historiografija.hr\/index.php?rest_route=%2Fwp%2Fv2%2Fcategories&post=46342"},{"taxonomy":"post_tag","embeddable":true,"href":"https:\/\/historiografija.hr\/index.php?rest_route=%2Fwp%2Fv2%2Ftags&post=46342"}],"curies":[{"name":"wp","href":"https:\/\/api.w.org\/{rel}","templated":true}]}}