{"id":46320,"date":"2025-05-08T22:17:30","date_gmt":"2025-05-08T22:17:30","guid":{"rendered":"https:\/\/historiografija.hr\/?p=46320"},"modified":"2025-05-08T22:17:30","modified_gmt":"2025-05-08T22:17:30","slug":"okrugli-stol-evropsko-naslijede-sarajevo-historijska-perspektiva","status":"publish","type":"post","link":"https:\/\/historiografija.hr\/?p=46320","title":{"rendered":"Okrugli stol \u201cEvropsko naslije\u0111e Sarajevo: Historijska perspektiva\u201d"},"content":{"rendered":"\n<p>Povodom 9. maja &#8211; Dana pobjede nad fa\u0161izmom i Dana Evrope, Grad Sarajevo u saradnji sa Filozofskim fakultetom Univerziteta u Sarajevu organizira okrugli stol pod nazivom \u201cEvropsko naslije\u0111e Sarajevo: Historijska perspektiva\u201d.<\/p>\n\n\n\n<p>U\u010desnici su:<\/p>\n\n\n\n<p>Prof.dr. Amra \u0160a\u010di\u0107 Be\u0107a \u2013 \u201e Aquae S (&#8230;?) \u2013 ilirski i rimski grad na sarajevskom polju\u201c<\/p>\n\n\n\n<p>dr. Almir Peco &#8211; \u201eProstor Sarajeva u srednjem vijeku\u201c<\/p>\n\n\n\n<p>dr. Elma Kori\u0107 &#8211; \u201eSarajevo u osmanskom periodu\u201c<\/p>\n\n\n\n<p>dr. Minela Radu\u0161i\u0107 &#8211; \u201eBosanskohercegova\u010dki glavni grad u austrougarskom periodu\u201c<\/p>\n\n\n\n<p>Prof. dr. Amir Duranovi\u0107 &#8211; \u201eSarajevo: grad koji raste\u201c<\/p>\n\n\n\n<p>Akademik prof. dr. Husnija Kamberovi\u0107 &#8211; \u201eZna\u010daj 9. maja za Sarajevo\u201c<\/p>\n\n\n\n<p>Moderatorica: Prof. dr. Amra \u0160a\u010di\u0107 Be\u0107a<\/p>\n\n\n\n<p>Okrugli stol \u0107e se odr\u017eati 9. maja 2025. godine sa po\u010detkom u 18.00 sati u Vije\u0107nici (Brodac 1, Sarajevo).<\/p>\n\n\n\n<hr class=\"wp-block-separator has-alpha-channel-opacity\"\/>\n\n\n\n<p>Izvor:<\/p>\n\n\n\n<p><a href=\"https:\/\/historiografija.ba\/historija-u-javnosti\/naucne-manifestacije\/najava-okruglog-stola-evropsko-nasljedje-sarajeva\">https:\/\/historiografija.ba\/historija-u-javnosti\/naucne-manifestacije\/najava-okruglog-stola-evropsko-nasljedje-sarajeva<\/a><\/p>\n\n\n\n<hr class=\"wp-block-separator has-alpha-channel-opacity\"\/>\n","protected":false},"excerpt":{"rendered":"","protected":false},"author":2,"featured_media":46321,"comment_status":"open","ping_status":"open","sticky":false,"template":"","format":"standard","meta":{"_acf_changed":false,"jetpack_post_was_ever_published":false,"_jetpack_newsletter_access":"","_jetpack_dont_email_post_to_subs":false,"_jetpack_newsletter_tier_id":0,"_jetpack_memberships_contains_paywalled_content":false,"_jetpack_memberships_contains_paid_content":false,"footnotes":"","jetpack_publicize_message":"","jetpack_publicize_feature_enabled":true,"jetpack_social_post_already_shared":true,"jetpack_social_options":{"image_generator_settings":{"template":"highway","default_image_id":0,"font":"","enabled":false},"version":2}},"categories":[3],"tags":[],"class_list":["post-46320","post","type-post","status-publish","format-standard","has-post-thumbnail","hentry","category-novosti"],"acf":{"facebook_opis":""},"jetpack_publicize_connections":[],"jetpack_featured_media_url":"https:\/\/i0.wp.com\/historiografija.hr\/wp-content\/uploads\/2025\/05\/okrugli-sto-grad-sarajevo.jpg?fit=450%2C629&ssl=1","jetpack_sharing_enabled":true,"jetpack-related-posts":[],"_links":{"self":[{"href":"https:\/\/historiografija.hr\/index.php?rest_route=\/wp\/v2\/posts\/46320","targetHints":{"allow":["GET"]}}],"collection":[{"href":"https:\/\/historiografija.hr\/index.php?rest_route=\/wp\/v2\/posts"}],"about":[{"href":"https:\/\/historiografija.hr\/index.php?rest_route=\/wp\/v2\/types\/post"}],"author":[{"embeddable":true,"href":"https:\/\/historiografija.hr\/index.php?rest_route=\/wp\/v2\/users\/2"}],"replies":[{"embeddable":true,"href":"https:\/\/historiografija.hr\/index.php?rest_route=%2Fwp%2Fv2%2Fcomments&post=46320"}],"version-history":[{"count":1,"href":"https:\/\/historiografija.hr\/index.php?rest_route=\/wp\/v2\/posts\/46320\/revisions"}],"predecessor-version":[{"id":46322,"href":"https:\/\/historiografija.hr\/index.php?rest_route=\/wp\/v2\/posts\/46320\/revisions\/46322"}],"wp:featuredmedia":[{"embeddable":true,"href":"https:\/\/historiografija.hr\/index.php?rest_route=\/wp\/v2\/media\/46321"}],"wp:attachment":[{"href":"https:\/\/historiografija.hr\/index.php?rest_route=%2Fwp%2Fv2%2Fmedia&parent=46320"}],"wp:term":[{"taxonomy":"category","embeddable":true,"href":"https:\/\/historiografija.hr\/index.php?rest_route=%2Fwp%2Fv2%2Fcategories&post=46320"},{"taxonomy":"post_tag","embeddable":true,"href":"https:\/\/historiografija.hr\/index.php?rest_route=%2Fwp%2Fv2%2Ftags&post=46320"}],"curies":[{"name":"wp","href":"https:\/\/api.w.org\/{rel}","templated":true}]}}