{"id":46318,"date":"2025-05-08T22:12:44","date_gmt":"2025-05-08T22:12:44","guid":{"rendered":"https:\/\/historiografija.hr\/?p=46318"},"modified":"2025-05-08T22:12:44","modified_gmt":"2025-05-08T22:12:44","slug":"tribina-bleiburg-tri-razlicita-pogleda","status":"publish","type":"post","link":"https:\/\/historiografija.hr\/?p=46318","title":{"rendered":"Tribina: Bleiburg \u2013 tri razli\u010dita pogleda"},"content":{"rendered":"\n<p>Tribina u organizaciji Srpskog privrednog dru\u0161tva Privrednik i Vije\u0107a srpske nacionalne manjine Grada Zagreba pod nazivom \u201eBleiburg \u2013 tri razli\u010dita pogleda\u201c odr\u017eat \u0107e se u utorak, 13. maja s po\u010detkom u 18 sati na prvom katu Privrednikovog doma (Preradovi\u0107eva 18, Zagreb)<\/p>\n\n\n\n<p>Nakon predaje usta\u0161a, \u010detnika i ostalih kod Bleiburga, uslijedili su pojedina\u010dni ili masovni zlo\u010dini pobjedni\u010dke Titove armije nad pora\u017eenim snagama. Velika je to mrlja na pobjedi koju su izvojevali i veliko optere\u0107enje koje Hrvatsku, ali i Srbiju, i danas priti\u0161\u0107e. Do dana dana\u0161njeg nije napravljen pojedina\u010dni popis \u017ertava poslijeratnih partizanskih zlo\u010dina, za \u0161to Republika Hrvatska nakon osamostaljenja nema opravdanja. Koliko je u doga\u0111ajima koji se u Hrvatskoj danas nazivaju Kri\u017enim putem stradalo usta\u0161a, domobrana i civila? Koliko je stradalo \u010detnika? Kakva je uloga mar\u0161ala Tita u svemu tome i koje su jedinice izvr\u0161ile zlo\u010dine? Za\u0161to se ne zna koliko je ljudi ubijeno? Jesu li komemoracije na Bleiburgu bile posve\u0107ene oplakivanju genocidne NDH ili uspomenama na mnoge nevine \u017ertve koje su ubijene s brojnim zlo\u010dincima iz redova pora\u017eene vojske? Za\u0161to se bilo koga, pa i najgoreg zlo\u010dinca, ubijalo bez suda? Koliko sve to danas optere\u0107uje odnose izme\u0111u Hrvata samih, a koliko odnose Srba i Hrvata?<\/p>\n\n\n\n<p>O tim i mnogim drugim pitanjima na novoj tribini u Privredniku govorit \u0107e <strong>Bojan Dimitrijevi\u0107<\/strong>, istori\u010dar, <strong>Hrvoje Klasi\u0107<\/strong>, povjesni\u010dar i<strong> Zlatko Hasanbegovi\u0107<\/strong>, povjesni\u010dar i politi\u010dar. Razgovor \u0107e moderirati novinar <strong>Sa\u0161a Kosanovi\u0107<\/strong>.<\/p>\n\n\n\n<hr class=\"wp-block-separator has-alpha-channel-opacity\"\/>\n\n\n\n<p>Izvor:<\/p>\n\n\n\n<figure class=\"wp-block-embed is-type-wp-embed is-provider-p-portal wp-block-embed-p-portal\"><div class=\"wp-block-embed__wrapper\">\n<blockquote class=\"wp-embedded-content\" data-secret=\"r33NUuCdCi\"><a href=\"https:\/\/p-portal.net\/tribina-bleiburg-tri-razlicita-pogleda\">Tribina: Bleiburg \u2013 tri razli\u010dita pogleda<\/a><\/blockquote><iframe loading=\"lazy\" class=\"wp-embedded-content\" sandbox=\"allow-scripts\" security=\"restricted\" style=\"position: absolute; visibility: hidden;\" title=\"&#8220;Tribina: Bleiburg \u2013 tri razli\u010dita pogleda&#8221; &#8212; P-portal\" src=\"https:\/\/p-portal.net\/tribina-bleiburg-tri-razlicita-pogleda\/embed#?secret=BxxRSCyqtN#?secret=r33NUuCdCi\" data-secret=\"r33NUuCdCi\" width=\"600\" height=\"338\" frameborder=\"0\" marginwidth=\"0\" marginheight=\"0\" scrolling=\"no\"><\/iframe>\n<\/div><\/figure>\n\n\n\n<hr class=\"wp-block-separator has-alpha-channel-opacity\"\/>\n","protected":false},"excerpt":{"rendered":"","protected":false},"author":2,"featured_media":16317,"comment_status":"open","ping_status":"open","sticky":false,"template":"","format":"standard","meta":{"_acf_changed":false,"jetpack_post_was_ever_published":false,"_jetpack_newsletter_access":"","_jetpack_dont_email_post_to_subs":false,"_jetpack_newsletter_tier_id":0,"_jetpack_memberships_contains_paywalled_content":false,"_jetpack_memberships_contains_paid_content":false,"footnotes":"","jetpack_publicize_message":"","jetpack_publicize_feature_enabled":true,"jetpack_social_post_already_shared":true,"jetpack_social_options":{"image_generator_settings":{"template":"highway","default_image_id":0,"font":"","enabled":false},"version":2}},"categories":[3],"tags":[],"class_list":["post-46318","post","type-post","status-publish","format-standard","has-post-thumbnail","hentry","category-novosti"],"acf":{"facebook_opis":""},"jetpack_publicize_connections":[],"jetpack_featured_media_url":"https:\/\/i0.wp.com\/historiografija.hr\/wp-content\/uploads\/2019\/09\/Tribina.jpg?fit=1200%2C675&ssl=1","jetpack_sharing_enabled":true,"jetpack-related-posts":[],"_links":{"self":[{"href":"https:\/\/historiografija.hr\/index.php?rest_route=\/wp\/v2\/posts\/46318","targetHints":{"allow":["GET"]}}],"collection":[{"href":"https:\/\/historiografija.hr\/index.php?rest_route=\/wp\/v2\/posts"}],"about":[{"href":"https:\/\/historiografija.hr\/index.php?rest_route=\/wp\/v2\/types\/post"}],"author":[{"embeddable":true,"href":"https:\/\/historiografija.hr\/index.php?rest_route=\/wp\/v2\/users\/2"}],"replies":[{"embeddable":true,"href":"https:\/\/historiografija.hr\/index.php?rest_route=%2Fwp%2Fv2%2Fcomments&post=46318"}],"version-history":[{"count":1,"href":"https:\/\/historiografija.hr\/index.php?rest_route=\/wp\/v2\/posts\/46318\/revisions"}],"predecessor-version":[{"id":46319,"href":"https:\/\/historiografija.hr\/index.php?rest_route=\/wp\/v2\/posts\/46318\/revisions\/46319"}],"wp:featuredmedia":[{"embeddable":true,"href":"https:\/\/historiografija.hr\/index.php?rest_route=\/wp\/v2\/media\/16317"}],"wp:attachment":[{"href":"https:\/\/historiografija.hr\/index.php?rest_route=%2Fwp%2Fv2%2Fmedia&parent=46318"}],"wp:term":[{"taxonomy":"category","embeddable":true,"href":"https:\/\/historiografija.hr\/index.php?rest_route=%2Fwp%2Fv2%2Fcategories&post=46318"},{"taxonomy":"post_tag","embeddable":true,"href":"https:\/\/historiografija.hr\/index.php?rest_route=%2Fwp%2Fv2%2Ftags&post=46318"}],"curies":[{"name":"wp","href":"https:\/\/api.w.org\/{rel}","templated":true}]}}