{"id":46306,"date":"2025-05-07T21:54:46","date_gmt":"2025-05-07T21:54:46","guid":{"rendered":"https:\/\/historiografija.hr\/?p=46306"},"modified":"2025-05-07T21:56:06","modified_gmt":"2025-05-07T21:56:06","slug":"kliofest-2025-tribina-buducnost-s-povijescu-sto-kako-gdje-nakon-zavrsenog-studija-povijesti","status":"publish","type":"post","link":"https:\/\/historiografija.hr\/?p=46306","title":{"rendered":"Kliofest 2025: Tribina \u201cBudu\u0107nost s povije\u0161\u0107u! \u0160to, kako, gdje nakon zavr\u0161enog studija povijesti?\u201d"},"content":{"rendered":"\n<p>Nacionalna i sveu\u010dili\u0161na knji\u017enica, Zagreb<\/p>\n\n\n\n<p>POZORNICA I.<\/p>\n\n\n\n<p>Utorak, 13. svibnja 2025. od 18.30 do 20.00 sati<\/p>\n\n\n\n<p>18.30-20.00 Tribina <strong>Budu\u0107nost s povije\u0161\u0107u! \u0160to, kako i gdje nakon zavr\u0161enog studija?<\/strong><\/p>\n\n\n\n<p>Moderatorice: Ana Furlan Sfar\u010di\u0107 i Svjetlana Ravli\u0107<\/p>\n\n\n\n<p>Sudjeluju: \u017deljko Brdal, Ladislav Dobrica, Martina Findrik, Petra Husain Pustaj, Tvrtko Jakovina, Maja Tabak Demo<\/p>\n\n\n\n<hr class=\"wp-block-separator has-alpha-channel-opacity\"\/>\n\n\n\n<figure class=\"wp-block-image size-large\"><img data-recalc-dims=\"1\" loading=\"lazy\" decoding=\"async\" width=\"860\" height=\"406\" data-attachment-id=\"46307\" data-permalink=\"https:\/\/historiografija.hr\/?attachment_id=46307\" data-orig-file=\"https:\/\/i0.wp.com\/historiografija.hr\/wp-content\/uploads\/2025\/05\/Kliofest-01-utorak-I-05-T-Buducnost-s-povijescu.jpg?fit=1240%2C585&amp;ssl=1\" data-orig-size=\"1240,585\" data-comments-opened=\"1\" data-image-meta=\"{&quot;aperture&quot;:&quot;0&quot;,&quot;credit&quot;:&quot;&quot;,&quot;camera&quot;:&quot;&quot;,&quot;caption&quot;:&quot;&quot;,&quot;created_timestamp&quot;:&quot;0&quot;,&quot;copyright&quot;:&quot;&quot;,&quot;focal_length&quot;:&quot;0&quot;,&quot;iso&quot;:&quot;0&quot;,&quot;shutter_speed&quot;:&quot;0&quot;,&quot;title&quot;:&quot;&quot;,&quot;orientation&quot;:&quot;0&quot;}\" data-image-title=\"Kliofest 01 utorak I 05 T Buducnost s povijescu\" data-image-description=\"\" data-image-caption=\"\" data-large-file=\"https:\/\/i0.wp.com\/historiografija.hr\/wp-content\/uploads\/2025\/05\/Kliofest-01-utorak-I-05-T-Buducnost-s-povijescu.jpg?fit=860%2C406&amp;ssl=1\" src=\"https:\/\/i0.wp.com\/historiografija.hr\/wp-content\/uploads\/2025\/05\/Kliofest-01-utorak-I-05-T-Buducnost-s-povijescu.jpg?resize=860%2C406&#038;ssl=1\" alt=\"\" class=\"wp-image-46307\" srcset=\"https:\/\/i0.wp.com\/historiografija.hr\/wp-content\/uploads\/2025\/05\/Kliofest-01-utorak-I-05-T-Buducnost-s-povijescu.jpg?resize=1024%2C483&amp;ssl=1 1024w, https:\/\/i0.wp.com\/historiografija.hr\/wp-content\/uploads\/2025\/05\/Kliofest-01-utorak-I-05-T-Buducnost-s-povijescu.jpg?resize=300%2C142&amp;ssl=1 300w, https:\/\/i0.wp.com\/historiografija.hr\/wp-content\/uploads\/2025\/05\/Kliofest-01-utorak-I-05-T-Buducnost-s-povijescu.jpg?resize=768%2C362&amp;ssl=1 768w, https:\/\/i0.wp.com\/historiografija.hr\/wp-content\/uploads\/2025\/05\/Kliofest-01-utorak-I-05-T-Buducnost-s-povijescu.jpg?w=1240&amp;ssl=1 1240w\" sizes=\"auto, (max-width: 860px) 100vw, 860px\" \/><\/figure>\n\n\n\n<hr class=\"wp-block-separator has-alpha-channel-opacity\"\/>\n\n\n\n<p>Po\u0161tovane kolegice i po\u0161tovani kolege, pridru\u017eite nam se na Kliofestu, u utorak 13. svibnja 2025. u 16:30 na 1. pozornici Nacionalne i sveu\u010dili\u0161ne knji\u017enice, kada \u0107e \u010dlanice Kluba studenata povijesti ISHA Zagreb Ana Furlan Sfar\u010di\u0107 i Svjetlana Ravli\u0107 odr\u017eati tribinu pod naslovom \u201cBudu\u0107nost s povije\u0161\u0107u! \u0160to, kako, gdje nakon zavr\u0161enog studija povijesti?\u201d.<\/p>\n\n\n\n<p>Cilj je tribine pribli\u017eiti i pojasniti procese zaposlenja u razli\u010ditim podru\u010djima vezanima uz povijest, istra\u017eiti kako budu\u0107e karijerne opcije tako i trenutno stanje povijesne znanosti i tr\u017ei\u0161ta rada te sve to prikazati u obliku dinami\u010dnog razgovora zainteresiranim studentima povijesti, ali i svima drugima koji \u017eele prisustvovati. Pridru\u017eite nam se u otkrivanju budu\u0107nosti!<\/p>\n\n\n\n<p>Veselimo se Va\u0161em dolasku<\/p>\n\n\n\n<hr class=\"wp-block-separator has-alpha-channel-opacity\"\/>\n\n\n\n<figure class=\"wp-block-image size-full\"><img data-recalc-dims=\"1\" loading=\"lazy\" decoding=\"async\" width=\"509\" height=\"720\" data-attachment-id=\"46310\" data-permalink=\"https:\/\/historiografija.hr\/?attachment_id=46310\" data-orig-file=\"https:\/\/i0.wp.com\/historiografija.hr\/wp-content\/uploads\/2025\/05\/Buducnost.jpg?fit=509%2C720&amp;ssl=1\" data-orig-size=\"509,720\" data-comments-opened=\"1\" data-image-meta=\"{&quot;aperture&quot;:&quot;0&quot;,&quot;credit&quot;:&quot;&quot;,&quot;camera&quot;:&quot;&quot;,&quot;caption&quot;:&quot;&quot;,&quot;created_timestamp&quot;:&quot;0&quot;,&quot;copyright&quot;:&quot;&quot;,&quot;focal_length&quot;:&quot;0&quot;,&quot;iso&quot;:&quot;0&quot;,&quot;shutter_speed&quot;:&quot;0&quot;,&quot;title&quot;:&quot;&quot;,&quot;orientation&quot;:&quot;0&quot;}\" data-image-title=\"Budu\u0107nost\" data-image-description=\"\" data-image-caption=\"\" data-large-file=\"https:\/\/i0.wp.com\/historiografija.hr\/wp-content\/uploads\/2025\/05\/Buducnost.jpg?fit=509%2C720&amp;ssl=1\" src=\"https:\/\/i0.wp.com\/historiografija.hr\/wp-content\/uploads\/2025\/05\/Buducnost.jpg?resize=509%2C720&#038;ssl=1\" alt=\"\" class=\"wp-image-46310\" srcset=\"https:\/\/i0.wp.com\/historiografija.hr\/wp-content\/uploads\/2025\/05\/Buducnost.jpg?w=509&amp;ssl=1 509w, https:\/\/i0.wp.com\/historiografija.hr\/wp-content\/uploads\/2025\/05\/Buducnost.jpg?resize=212%2C300&amp;ssl=1 212w\" sizes=\"auto, (max-width: 509px) 100vw, 509px\" \/><\/figure>\n\n\n\n<hr class=\"wp-block-separator has-alpha-channel-opacity\"\/>\n\n\n\n<p>Izvor:<\/p>\n\n\n\n<p><a href=\"https:\/\/www.facebook.com\/ISHAZagreb\">https:\/\/www.facebook.com\/ISHAZagreb<\/a><\/p>\n\n\n\n<p><a href=\"https:\/\/www.instagram.com\/isha.zagreb\">https:\/\/www.instagram.com\/isha.zagreb<\/a><\/p>\n\n\n\n<hr class=\"wp-block-separator has-alpha-channel-opacity\"\/>\n","protected":false},"excerpt":{"rendered":"","protected":false},"author":2,"featured_media":46307,"comment_status":"open","ping_status":"open","sticky":false,"template":"","format":"standard","meta":{"_acf_changed":false,"jetpack_post_was_ever_published":false,"_jetpack_newsletter_access":"","_jetpack_dont_email_post_to_subs":false,"_jetpack_newsletter_tier_id":0,"_jetpack_memberships_contains_paywalled_content":false,"_jetpack_memberships_contains_paid_content":false,"footnotes":"","jetpack_publicize_message":"","jetpack_publicize_feature_enabled":true,"jetpack_social_post_already_shared":true,"jetpack_social_options":{"image_generator_settings":{"template":"highway","default_image_id":0,"font":"","enabled":false},"version":2}},"categories":[3],"tags":[],"class_list":["post-46306","post","type-post","status-publish","format-standard","has-post-thumbnail","hentry","category-novosti"],"acf":{"facebook_opis":""},"jetpack_publicize_connections":[],"jetpack_featured_media_url":"https:\/\/i0.wp.com\/historiografija.hr\/wp-content\/uploads\/2025\/05\/Kliofest-01-utorak-I-05-T-Buducnost-s-povijescu.jpg?fit=1240%2C585&ssl=1","jetpack_sharing_enabled":true,"jetpack-related-posts":[],"_links":{"self":[{"href":"https:\/\/historiografija.hr\/index.php?rest_route=\/wp\/v2\/posts\/46306","targetHints":{"allow":["GET"]}}],"collection":[{"href":"https:\/\/historiografija.hr\/index.php?rest_route=\/wp\/v2\/posts"}],"about":[{"href":"https:\/\/historiografija.hr\/index.php?rest_route=\/wp\/v2\/types\/post"}],"author":[{"embeddable":true,"href":"https:\/\/historiografija.hr\/index.php?rest_route=\/wp\/v2\/users\/2"}],"replies":[{"embeddable":true,"href":"https:\/\/historiografija.hr\/index.php?rest_route=%2Fwp%2Fv2%2Fcomments&post=46306"}],"version-history":[{"count":4,"href":"https:\/\/historiografija.hr\/index.php?rest_route=\/wp\/v2\/posts\/46306\/revisions"}],"predecessor-version":[{"id":46312,"href":"https:\/\/historiografija.hr\/index.php?rest_route=\/wp\/v2\/posts\/46306\/revisions\/46312"}],"wp:featuredmedia":[{"embeddable":true,"href":"https:\/\/historiografija.hr\/index.php?rest_route=\/wp\/v2\/media\/46307"}],"wp:attachment":[{"href":"https:\/\/historiografija.hr\/index.php?rest_route=%2Fwp%2Fv2%2Fmedia&parent=46306"}],"wp:term":[{"taxonomy":"category","embeddable":true,"href":"https:\/\/historiografija.hr\/index.php?rest_route=%2Fwp%2Fv2%2Fcategories&post=46306"},{"taxonomy":"post_tag","embeddable":true,"href":"https:\/\/historiografija.hr\/index.php?rest_route=%2Fwp%2Fv2%2Ftags&post=46306"}],"curies":[{"name":"wp","href":"https:\/\/api.w.org\/{rel}","templated":true}]}}