{"id":46301,"date":"2025-05-07T21:39:54","date_gmt":"2025-05-07T21:39:54","guid":{"rendered":"https:\/\/historiografija.hr\/?p=46301"},"modified":"2025-05-07T21:39:54","modified_gmt":"2025-05-07T21:39:54","slug":"predstavljanje-arhiva-nesvrstanih-tematska-setnja-nesvrstani-zagreb","status":"publish","type":"post","link":"https:\/\/historiografija.hr\/?p=46301","title":{"rendered":"Predstavljanje Arhiva Nesvrstanih: Tematska \u0161etnja &#8220;NESVRSTANI ZAGREB&#8221;"},"content":{"rendered":"\n<p>Povodom predstavljanja<strong> Arhiva Nesvrstanih<\/strong>, pozivamo vas da nam se pridru\u017eite u tematskoj \u0161etnji <strong>\u201cNesvrstani Zagreb\u201d<\/strong>, koja \u0107e se odr\u017eati u <strong>subotu, 10. svibnja 2025.<\/strong>, s po\u010detkom u <strong>10 sati ispred Glavnog kolodvora<\/strong> (Trg kralja Tomislava 12, ispod sata na glavnom ulazu).<\/p>\n\n\n\n<p>Arhiv Nesvrstanih je <strong>arhiv zajednice<\/strong> koji istra\u017euje, \u010duva i komunicira <strong>ba\u0161tinu afri\u010dkih, azijskih i ameri\u010dkih zajednica<\/strong> u Hrvatskoj. Ovaj projekt nastaje iz potrebe za o\u010duvanjem i osna\u017eivanjem povijesti i prisutnosti zajednica Globalnog juga koje su oblikovale Zagreb \u2013 \u010desto nevidljivo, ali duboko i trajno.<\/p>\n\n\n\n<p>\u0160etnjom nas vodi <strong>Nawar Ghanim Murad<\/strong>, a kroz nju \u0107emo pratiti tragove nekada\u0161njih me\u0111unarodnih studenata i obi\u0107i mjesta od zna\u010daja za nesvrstane i njihove svakodnevne borbe i susrete u Zagrebu. O\u010dekuje vas otprilike <strong>dvosatni obilazak<\/strong>, koji je <strong>besplatan<\/strong> i <strong>na hrvatskom jeziku<\/strong>. Po potrebi mo\u017eemo osigurati i <strong>prevo\u0111enje na engleski<\/strong>.<\/p>\n\n\n\n<p><strong>Broj mjesta je ograni\u010den<\/strong>, stoga je prijava obavezna najkasnije do <strong>9. svibnja<\/strong> na e-mail: stella@dobrojutro.org.<\/p>\n\n\n\n<p>Do\u0111ite i istra\u017eite s nama <strong>skrivene pri\u010de Nesvrstanog Zagreba<\/strong> \u2014 one koje povezuju pro\u0161lost, sada\u0161njost i mogu\u0107e zajedni\u010dke budu\u0107nosti.<\/p>\n\n\n\n<hr class=\"wp-block-separator has-alpha-channel-opacity\"\/>\n\n\n\n<p><strong>Arhiv Nesvrstanih<\/strong> organizira kulturna udruga <strong>Jutro<\/strong>, uz financijsku podr\u0161ku <strong>Grada Zagreba<\/strong>, te podr\u0161ku <strong>fondacije Moleskine<\/strong> i <strong>Zaklade Kultura Nova<\/strong>. Program se provodi u partnerstvu sa <strong>Subversive Festivalom<\/strong><\/p>\n\n\n\n<p>Vizual: Vina \u0106ur\u010dija<\/p>\n\n\n\n<p>Facebook doga\u0111aj: <a href=\"https:\/\/fb.me\/e\/35PYaYbbz\">https:\/\/fb.me\/e\/35PYaYbbz<\/a><\/p>\n\n\n\n<hr class=\"wp-block-separator has-alpha-channel-opacity\"\/>\n\n\n\n<p>Izvor:<\/p>\n\n\n\n<p><a href=\"https:\/\/arhivnesvrstanih.org\/hr\/aktivnosti\/predstavljanje-arhiva-nesvrstanih-tematska-setnja-nesvrstani-zagreb\">https:\/\/arhivnesvrstanih.org\/hr\/aktivnosti\/predstavljanje-arhiva-nesvrstanih-tematska-setnja-nesvrstani-zagreb<\/a><\/p>\n\n\n\n<hr class=\"wp-block-separator has-alpha-channel-opacity\"\/>\n","protected":false},"excerpt":{"rendered":"","protected":false},"author":2,"featured_media":46143,"comment_status":"open","ping_status":"open","sticky":false,"template":"","format":"standard","meta":{"_acf_changed":false,"jetpack_post_was_ever_published":false,"_jetpack_newsletter_access":"","_jetpack_dont_email_post_to_subs":false,"_jetpack_newsletter_tier_id":0,"_jetpack_memberships_contains_paywalled_content":false,"_jetpack_memberships_contains_paid_content":false,"footnotes":"","jetpack_publicize_message":"","jetpack_publicize_feature_enabled":true,"jetpack_social_post_already_shared":true,"jetpack_social_options":{"image_generator_settings":{"template":"highway","default_image_id":0,"font":"","enabled":false},"version":2}},"categories":[3],"tags":[],"class_list":["post-46301","post","type-post","status-publish","format-standard","has-post-thumbnail","hentry","category-novosti"],"acf":{"facebook_opis":""},"jetpack_publicize_connections":[],"jetpack_featured_media_url":"https:\/\/i0.wp.com\/historiografija.hr\/wp-content\/uploads\/2025\/05\/Otvaranje_Arhiva.jpg?fit=960%2C432&ssl=1","jetpack_sharing_enabled":true,"jetpack-related-posts":[],"_links":{"self":[{"href":"https:\/\/historiografija.hr\/index.php?rest_route=\/wp\/v2\/posts\/46301","targetHints":{"allow":["GET"]}}],"collection":[{"href":"https:\/\/historiografija.hr\/index.php?rest_route=\/wp\/v2\/posts"}],"about":[{"href":"https:\/\/historiografija.hr\/index.php?rest_route=\/wp\/v2\/types\/post"}],"author":[{"embeddable":true,"href":"https:\/\/historiografija.hr\/index.php?rest_route=\/wp\/v2\/users\/2"}],"replies":[{"embeddable":true,"href":"https:\/\/historiografija.hr\/index.php?rest_route=%2Fwp%2Fv2%2Fcomments&post=46301"}],"version-history":[{"count":1,"href":"https:\/\/historiografija.hr\/index.php?rest_route=\/wp\/v2\/posts\/46301\/revisions"}],"predecessor-version":[{"id":46302,"href":"https:\/\/historiografija.hr\/index.php?rest_route=\/wp\/v2\/posts\/46301\/revisions\/46302"}],"wp:featuredmedia":[{"embeddable":true,"href":"https:\/\/historiografija.hr\/index.php?rest_route=\/wp\/v2\/media\/46143"}],"wp:attachment":[{"href":"https:\/\/historiografija.hr\/index.php?rest_route=%2Fwp%2Fv2%2Fmedia&parent=46301"}],"wp:term":[{"taxonomy":"category","embeddable":true,"href":"https:\/\/historiografija.hr\/index.php?rest_route=%2Fwp%2Fv2%2Fcategories&post=46301"},{"taxonomy":"post_tag","embeddable":true,"href":"https:\/\/historiografija.hr\/index.php?rest_route=%2Fwp%2Fv2%2Ftags&post=46301"}],"curies":[{"name":"wp","href":"https:\/\/api.w.org\/{rel}","templated":true}]}}