{"id":46290,"date":"2025-05-07T21:16:38","date_gmt":"2025-05-07T21:16:38","guid":{"rendered":"https:\/\/historiografija.hr\/?p=46290"},"modified":"2025-05-07T21:16:38","modified_gmt":"2025-05-07T21:16:38","slug":"diskusija-fasizam-fasizacija-antifasizam","status":"publish","type":"post","link":"https:\/\/historiografija.hr\/?p=46290","title":{"rendered":"Diskusija \u201cFa\u0161izam, fa\u0161izacija, antifa\u0161izam\u201d"},"content":{"rendered":"\n<p>U sklopu pretprograma Trnjanskih kresova pozivamo vas na <strong>diskusiju \u201cFa\u0161izam, fa\u0161izacija, antifa\u0161izam\u201d<\/strong> u organizaciji <strong>Stipe \u0106urkovi\u0107a<\/strong> koja \u0107e se odr\u017eati <strong>9. 5. 2025. u prostoru Srpskog kulturnog centra (Preradovi\u0107eva 21) s po\u010detkom u 20 sati.<\/strong><\/p>\n\n\n\n<p>O \u010demu zapravo govorimo kada govorimo o fa\u0161izmu?<\/p>\n\n\n\n<p>Fa\u0161izam je jedan od najoptere\u0107enijih pojmova 20. stolje\u0107a, i jedan od naj\u010de\u0161\u0107e kori\u0161tenih pojmova u suvremenom politi\u010dkom diskursu \u2014 ali njegovo zna\u010denje daleko je od jasnog. Neki ga definiraju kao kontrarevolucionarnu strategiju elita, drugi kao specifi\u010dan oblik nacionalizma, tre\u0107i isti\u010du njegovu klasnu dimenziju, rasizam ili imperijalizam, a ima i onih koji smatraju da se radi o neodr\u017eivoj kategoriji bez teorijske koherentnosti.<\/p>\n\n\n\n<p>U ovoj diskusiji pitamo se: kako danas govoriti o fa\u0161izmu? Mo\u017eemo li uop\u0107e govoriti o \u201enovom fa\u0161izmu\u201c, \u201eproto-fa\u0161izmu\u201c, \u201epost-fa\u0161izmu\u201c, ili \u201efa\u0161izaciji\u201c bez da u\u0111emo u terminolo\u0161ki kaos? I je li upravo taj kaos simptom politi\u010dke situacije u kojoj se nalazimo?<\/p>\n\n\n\n<p>Za\u0161to je ovo va\u017eno danas?<\/p>\n\n\n\n<p>Radikalna desnica do\u017eivljava novi globalni uzlet. U mnogim dru\u0161tvima na djelu su procesi fa\u0161izacije, i to kroz retoriku, politike, represivne prakse i kulturu. U tom kontekstu, antifa\u0161isti\u010dka pozicija mora se stalno preispitivati i artikulirati, ne samo kao moralna ili historijska obaveza, ve\u0107 i kao konkretna politi\u010dka praksa koja razumije suvremene prijetnje.<\/p>\n\n\n\n<p>Kako \u0107emo razgovarati?<\/p>\n\n\n\n<p>Ova diskusija ne te\u017ei kona\u010dnim odgovorima. Po\u010detnu to\u010dku \u010dine tekstovi francuskog sociologa Ugoa Palhete (\u201eFascism, Fascisation, Antifascism\u201c) i kratki odgovor britanskog teoreti\u010dara Davida Rentona. Iz njih kre\u0107emo kako bismo mapirali klju\u010dna pitanja:<\/p>\n\n\n\n<p>\u2013 Koji su dru\u0161tveni, politi\u010dki i ekonomski uvjeti fa\u0161izacije danas?<br>\u2013 Kome se nova desnica obra\u0107a i za\u0161to je njezina poruka sve privla\u010dnija?<br>\u2013 U \u010demu su sli\u010dnosti i razlike izme\u0111u suvremenih oblika fa\u0161izma i njihovih historijskih prethodnika?<\/p>\n\n\n\n<p>Diskusija je zami\u0161ljena kao otvoren i inkluzivan razgovor, bez akademskih barijera. Sudionici ne dolaze s gotovim rje\u0161enjima, nego s pitanjima i tezama koje mogu potaknuti zajedni\u010dko promi\u0161ljanje.<\/p>\n\n\n\n<p>Sudjeluju:<br>\u2013 Maja Solar<br>\u2013 Marko Kostani\u0107<br><br>Moderator: Stipe \u0106urkovi\u0107<\/p>\n\n\n\n<p>Mjesto: SKC Zagreb (Preradovi\u0107eva 21)<\/p>\n\n\n\n<p>Vrijeme: 9\/5\/2025, od 20:00h<\/p>\n\n\n\n<p>Program se odr\u017eava u sklopu pretprograma Trnjanskih kresova, u organizaciji MAZ-a.<br>Ostvaren uz potporu Rosa Luxemburg Stiftung Southeast Europe<br>Partner doga\u0111anja: Srpsko kulturno dru\u0161tvo Prosvjeta<\/p>\n\n\n\n<hr class=\"wp-block-separator has-alpha-channel-opacity\"\/>\n\n\n\n<p>Izvor:<\/p>\n\n\n\n<figure class=\"wp-block-embed is-type-wp-embed is-provider-maz wp-block-embed-maz\"><div class=\"wp-block-embed__wrapper\">\n<blockquote class=\"wp-embedded-content\" data-secret=\"kWPgepiOAr\"><a href=\"https:\/\/www.maz.hr\/2025\/05\/05\/pretprogram-tk2025-diskusija-fasizam-fasizacija-antifasizam\/\">Pretprogram TK2025: Diskusija &#8220;Fa\u0161izam, fa\u0161izacija, antifa\u0161izam&#8221;<\/a><\/blockquote><iframe loading=\"lazy\" class=\"wp-embedded-content\" sandbox=\"allow-scripts\" security=\"restricted\" style=\"position: absolute; visibility: hidden;\" title=\"&#8220;Pretprogram TK2025: Diskusija &#8220;Fa\u0161izam, fa\u0161izacija, antifa\u0161izam&#8221;&#8221; &#8212; MAZ\" src=\"https:\/\/www.maz.hr\/2025\/05\/05\/pretprogram-tk2025-diskusija-fasizam-fasizacija-antifasizam\/embed\/#?secret=kWPgepiOAr\" data-secret=\"kWPgepiOAr\" width=\"600\" height=\"338\" frameborder=\"0\" marginwidth=\"0\" marginheight=\"0\" scrolling=\"no\"><\/iframe>\n<\/div><\/figure>\n\n\n\n<hr class=\"wp-block-separator has-alpha-channel-opacity\"\/>\n","protected":false},"excerpt":{"rendered":"","protected":false},"author":2,"featured_media":46291,"comment_status":"open","ping_status":"open","sticky":false,"template":"","format":"standard","meta":{"_acf_changed":false,"jetpack_post_was_ever_published":false,"_jetpack_newsletter_access":"","_jetpack_dont_email_post_to_subs":false,"_jetpack_newsletter_tier_id":0,"_jetpack_memberships_contains_paywalled_content":false,"_jetpack_memberships_contains_paid_content":false,"footnotes":"","jetpack_publicize_message":"","jetpack_publicize_feature_enabled":true,"jetpack_social_post_already_shared":true,"jetpack_social_options":{"image_generator_settings":{"template":"highway","default_image_id":0,"font":"","enabled":false},"version":2}},"categories":[3],"tags":[],"class_list":["post-46290","post","type-post","status-publish","format-standard","has-post-thumbnail","hentry","category-novosti"],"acf":{"facebook_opis":""},"jetpack_publicize_connections":[],"jetpack_featured_media_url":"https:\/\/i0.wp.com\/historiografija.hr\/wp-content\/uploads\/2025\/05\/Diskusija_9_5.jpg?fit=1536%2C804&ssl=1","jetpack_sharing_enabled":true,"jetpack-related-posts":[],"_links":{"self":[{"href":"https:\/\/historiografija.hr\/index.php?rest_route=\/wp\/v2\/posts\/46290","targetHints":{"allow":["GET"]}}],"collection":[{"href":"https:\/\/historiografija.hr\/index.php?rest_route=\/wp\/v2\/posts"}],"about":[{"href":"https:\/\/historiografija.hr\/index.php?rest_route=\/wp\/v2\/types\/post"}],"author":[{"embeddable":true,"href":"https:\/\/historiografija.hr\/index.php?rest_route=\/wp\/v2\/users\/2"}],"replies":[{"embeddable":true,"href":"https:\/\/historiografija.hr\/index.php?rest_route=%2Fwp%2Fv2%2Fcomments&post=46290"}],"version-history":[{"count":1,"href":"https:\/\/historiografija.hr\/index.php?rest_route=\/wp\/v2\/posts\/46290\/revisions"}],"predecessor-version":[{"id":46292,"href":"https:\/\/historiografija.hr\/index.php?rest_route=\/wp\/v2\/posts\/46290\/revisions\/46292"}],"wp:featuredmedia":[{"embeddable":true,"href":"https:\/\/historiografija.hr\/index.php?rest_route=\/wp\/v2\/media\/46291"}],"wp:attachment":[{"href":"https:\/\/historiografija.hr\/index.php?rest_route=%2Fwp%2Fv2%2Fmedia&parent=46290"}],"wp:term":[{"taxonomy":"category","embeddable":true,"href":"https:\/\/historiografija.hr\/index.php?rest_route=%2Fwp%2Fv2%2Fcategories&post=46290"},{"taxonomy":"post_tag","embeddable":true,"href":"https:\/\/historiografija.hr\/index.php?rest_route=%2Fwp%2Fv2%2Ftags&post=46290"}],"curies":[{"name":"wp","href":"https:\/\/api.w.org\/{rel}","templated":true}]}}