{"id":46260,"date":"2025-05-05T18:44:16","date_gmt":"2025-05-05T18:44:16","guid":{"rendered":"https:\/\/historiografija.hr\/?p=46260"},"modified":"2025-05-05T18:44:45","modified_gmt":"2025-05-05T18:44:45","slug":"svecano-otvorenje-festivala-povijesti-kliofest-2025","status":"publish","type":"post","link":"https:\/\/historiografija.hr\/?p=46260","title":{"rendered":"Sve\u010dano otvorenje Festivala povijesti Kliofest 2025."},"content":{"rendered":"\n<p>Pozivamo Vas da prisustvujete sve\u010danom otvorenju Festivala povijesti Kliofest 2025. u utorak, 13. svibnja 2025. u 11 sati u Nacionalnoj i sveu\u010dili\u0161noj knji\u017enici u Zagrebu, Hrvatske bratske zajednice 4.<\/p>\n\n\n\n<hr class=\"wp-block-separator has-alpha-channel-opacity\"\/>\n\n\n\n<figure class=\"wp-block-image size-large\"><img data-recalc-dims=\"1\" loading=\"lazy\" decoding=\"async\" width=\"860\" height=\"406\" data-attachment-id=\"46261\" data-permalink=\"https:\/\/historiografija.hr\/?attachment_id=46261\" data-orig-file=\"https:\/\/i0.wp.com\/historiografija.hr\/wp-content\/uploads\/2025\/05\/Kliofest_2025_pozivnica_otvorenje.jpg?fit=1240%2C585&amp;ssl=1\" data-orig-size=\"1240,585\" data-comments-opened=\"1\" data-image-meta=\"{&quot;aperture&quot;:&quot;0&quot;,&quot;credit&quot;:&quot;&quot;,&quot;camera&quot;:&quot;&quot;,&quot;caption&quot;:&quot;&quot;,&quot;created_timestamp&quot;:&quot;0&quot;,&quot;copyright&quot;:&quot;&quot;,&quot;focal_length&quot;:&quot;0&quot;,&quot;iso&quot;:&quot;0&quot;,&quot;shutter_speed&quot;:&quot;0&quot;,&quot;title&quot;:&quot;&quot;,&quot;orientation&quot;:&quot;0&quot;}\" data-image-title=\"Kliofest_2025_pozivnica_otvorenje\" data-image-description=\"\" data-image-caption=\"\" data-large-file=\"https:\/\/i0.wp.com\/historiografija.hr\/wp-content\/uploads\/2025\/05\/Kliofest_2025_pozivnica_otvorenje.jpg?fit=860%2C406&amp;ssl=1\" src=\"https:\/\/i0.wp.com\/historiografija.hr\/wp-content\/uploads\/2025\/05\/Kliofest_2025_pozivnica_otvorenje.jpg?resize=860%2C406&#038;ssl=1\" alt=\"\" class=\"wp-image-46261\" srcset=\"https:\/\/i0.wp.com\/historiografija.hr\/wp-content\/uploads\/2025\/05\/Kliofest_2025_pozivnica_otvorenje.jpg?resize=1024%2C483&amp;ssl=1 1024w, https:\/\/i0.wp.com\/historiografija.hr\/wp-content\/uploads\/2025\/05\/Kliofest_2025_pozivnica_otvorenje.jpg?resize=300%2C142&amp;ssl=1 300w, https:\/\/i0.wp.com\/historiografija.hr\/wp-content\/uploads\/2025\/05\/Kliofest_2025_pozivnica_otvorenje.jpg?resize=768%2C362&amp;ssl=1 768w, https:\/\/i0.wp.com\/historiografija.hr\/wp-content\/uploads\/2025\/05\/Kliofest_2025_pozivnica_otvorenje.jpg?w=1240&amp;ssl=1 1240w\" sizes=\"auto, (max-width: 860px) 100vw, 860px\" \/><\/figure>\n\n\n\n<hr class=\"wp-block-separator has-alpha-channel-opacity\"\/>\n","protected":false},"excerpt":{"rendered":"","protected":false},"author":2,"featured_media":46230,"comment_status":"open","ping_status":"open","sticky":false,"template":"","format":"standard","meta":{"_acf_changed":false,"jetpack_post_was_ever_published":false,"_jetpack_newsletter_access":"","_jetpack_dont_email_post_to_subs":false,"_jetpack_newsletter_tier_id":0,"_jetpack_memberships_contains_paywalled_content":false,"_jetpack_memberships_contains_paid_content":false,"footnotes":"","jetpack_publicize_message":"","jetpack_publicize_feature_enabled":true,"jetpack_social_post_already_shared":true,"jetpack_social_options":{"image_generator_settings":{"template":"highway","default_image_id":0,"font":"","enabled":false},"version":2}},"categories":[3],"tags":[],"class_list":["post-46260","post","type-post","status-publish","format-standard","has-post-thumbnail","hentry","category-novosti"],"acf":{"facebook_opis":""},"jetpack_publicize_connections":[],"jetpack_featured_media_url":"https:\/\/i0.wp.com\/historiografija.hr\/wp-content\/uploads\/2025\/05\/Kliofest_NSK.jpg?fit=526%2C526&ssl=1","jetpack_sharing_enabled":true,"jetpack-related-posts":[],"_links":{"self":[{"href":"https:\/\/historiografija.hr\/index.php?rest_route=\/wp\/v2\/posts\/46260","targetHints":{"allow":["GET"]}}],"collection":[{"href":"https:\/\/historiografija.hr\/index.php?rest_route=\/wp\/v2\/posts"}],"about":[{"href":"https:\/\/historiografija.hr\/index.php?rest_route=\/wp\/v2\/types\/post"}],"author":[{"embeddable":true,"href":"https:\/\/historiografija.hr\/index.php?rest_route=\/wp\/v2\/users\/2"}],"replies":[{"embeddable":true,"href":"https:\/\/historiografija.hr\/index.php?rest_route=%2Fwp%2Fv2%2Fcomments&post=46260"}],"version-history":[{"count":3,"href":"https:\/\/historiografija.hr\/index.php?rest_route=\/wp\/v2\/posts\/46260\/revisions"}],"predecessor-version":[{"id":46264,"href":"https:\/\/historiografija.hr\/index.php?rest_route=\/wp\/v2\/posts\/46260\/revisions\/46264"}],"wp:featuredmedia":[{"embeddable":true,"href":"https:\/\/historiografija.hr\/index.php?rest_route=\/wp\/v2\/media\/46230"}],"wp:attachment":[{"href":"https:\/\/historiografija.hr\/index.php?rest_route=%2Fwp%2Fv2%2Fmedia&parent=46260"}],"wp:term":[{"taxonomy":"category","embeddable":true,"href":"https:\/\/historiografija.hr\/index.php?rest_route=%2Fwp%2Fv2%2Fcategories&post=46260"},{"taxonomy":"post_tag","embeddable":true,"href":"https:\/\/historiografija.hr\/index.php?rest_route=%2Fwp%2Fv2%2Ftags&post=46260"}],"curies":[{"name":"wp","href":"https:\/\/api.w.org\/{rel}","templated":true}]}}