{"id":46257,"date":"2025-05-05T18:14:04","date_gmt":"2025-05-05T18:14:04","guid":{"rendered":"https:\/\/historiografija.hr\/?p=46257"},"modified":"2025-05-05T18:14:04","modified_gmt":"2025-05-05T18:14:04","slug":"roundtable-discussion-from-outrage-to-collective-action-reflecting-on-recent-protests-in-southeast-europe","status":"publish","type":"post","link":"https:\/\/historiografija.hr\/?p=46257","title":{"rendered":"Roundtable Discussion &#8220;From Outrage to Collective Action: Reflecting on Recent Protests in Southeast Europe&#8221;"},"content":{"rendered":"\n<p>In recent months, new waves of protest have emerged across Southeast Europe \u2014from anti-corruption demonstrations in Serbia and North Macedonia, to widespread anti-authoritarian mobilizations in Turkey, and massive strikes in Greece. Often led by university students and youth, these protest cycles reflect shared outrage, grief, and frustration that have been turned into collective actions reclaiming accountability, justice, and political change.<\/p>\n\n\n\n<p>This roundtable brings together scholars and engaged observers to reflect on these mobilizations, exploring their local dynamics, regional entanglements, and the possibilities of transnational solidarity in a changing political landscape. What connects these movements? What challenges do they face? And what might they tell us about the future of democracy and resistance in the region?<\/p>\n\n\n\n<p><strong>Speakers:<\/strong><\/p>\n\n\n\n<p>&#8211; Prof. Dr. Bilgin Ayata<\/p>\n\n\n\n<p>&#8211; Prof. Dr. Florian Bieber<\/p>\n\n\n\n<p>&#8211; Dr. Sanja Kmezi\u0107<\/p>\n\n\n\n<p>&#8211; Dr. Derya \u00d6zkaya<\/p>\n\n\n\n<p>&#8211; Dr. Lura Pollozhani<\/p>\n\n\n\n<p>&#8211; Alessandro Ieran\u00f2&nbsp;<\/p>\n\n\n\n<p><strong>Moderation:<\/strong><\/p>\n\n\n\n<p>Dr. Claudia La\u0161tro<\/p>\n\n\n\n<hr class=\"wp-block-separator has-alpha-channel-opacity\"\/>\n\n\n\n<p>07.05.2025<\/p>\n\n\n\n<p>17:00 &#8211; 18:30<\/p>\n\n\n\n<p>Zentrum f\u00fcr S\u00fcdosteuropastudien &amp; S\u00fcdosteuropa-Gesellschaft<\/p>\n\n\n\n<p>LS 15.03 (RESOWI, Universit\u00e4tsstr. 15, Building C, Ground Floor)<\/p>\n\n\n\n<hr class=\"wp-block-separator has-alpha-channel-opacity\"\/>\n\n\n\n<p><a href=\"https:\/\/suedosteuropa.uni-graz.at\/de\/veranstaltungen\/from-outrage-to-collective-action-reflecting-on-recent-protests-in-southeast-europe\">https:\/\/suedosteuropa.uni-graz.at\/de\/veranstaltungen\/from-outrage-to-collective-action-reflecting-on-recent-protests-in-southeast-europe<\/a><\/p>\n\n\n\n<hr class=\"wp-block-separator has-alpha-channel-opacity\"\/>\n","protected":false},"excerpt":{"rendered":"","protected":false},"author":2,"featured_media":46258,"comment_status":"open","ping_status":"open","sticky":false,"template":"","format":"standard","meta":{"_acf_changed":false,"jetpack_post_was_ever_published":false,"_jetpack_newsletter_access":"","_jetpack_dont_email_post_to_subs":false,"_jetpack_newsletter_tier_id":0,"_jetpack_memberships_contains_paywalled_content":false,"_jetpack_memberships_contains_paid_content":false,"footnotes":"","jetpack_publicize_message":"","jetpack_publicize_feature_enabled":true,"jetpack_social_post_already_shared":true,"jetpack_social_options":{"image_generator_settings":{"template":"highway","default_image_id":0,"font":"","enabled":false},"version":2}},"categories":[3],"tags":[],"class_list":["post-46257","post","type-post","status-publish","format-standard","has-post-thumbnail","hentry","category-novosti"],"acf":{"facebook_opis":""},"jetpack_publicize_connections":[],"jetpack_featured_media_url":"https:\/\/i0.wp.com\/historiografija.hr\/wp-content\/uploads\/2025\/05\/csm_SEE_Protests_Poster.png?fit=566%2C800&ssl=1","jetpack_sharing_enabled":true,"jetpack-related-posts":[],"_links":{"self":[{"href":"https:\/\/historiografija.hr\/index.php?rest_route=\/wp\/v2\/posts\/46257","targetHints":{"allow":["GET"]}}],"collection":[{"href":"https:\/\/historiografija.hr\/index.php?rest_route=\/wp\/v2\/posts"}],"about":[{"href":"https:\/\/historiografija.hr\/index.php?rest_route=\/wp\/v2\/types\/post"}],"author":[{"embeddable":true,"href":"https:\/\/historiografija.hr\/index.php?rest_route=\/wp\/v2\/users\/2"}],"replies":[{"embeddable":true,"href":"https:\/\/historiografija.hr\/index.php?rest_route=%2Fwp%2Fv2%2Fcomments&post=46257"}],"version-history":[{"count":1,"href":"https:\/\/historiografija.hr\/index.php?rest_route=\/wp\/v2\/posts\/46257\/revisions"}],"predecessor-version":[{"id":46259,"href":"https:\/\/historiografija.hr\/index.php?rest_route=\/wp\/v2\/posts\/46257\/revisions\/46259"}],"wp:featuredmedia":[{"embeddable":true,"href":"https:\/\/historiografija.hr\/index.php?rest_route=\/wp\/v2\/media\/46258"}],"wp:attachment":[{"href":"https:\/\/historiografija.hr\/index.php?rest_route=%2Fwp%2Fv2%2Fmedia&parent=46257"}],"wp:term":[{"taxonomy":"category","embeddable":true,"href":"https:\/\/historiografija.hr\/index.php?rest_route=%2Fwp%2Fv2%2Fcategories&post=46257"},{"taxonomy":"post_tag","embeddable":true,"href":"https:\/\/historiografija.hr\/index.php?rest_route=%2Fwp%2Fv2%2Ftags&post=46257"}],"curies":[{"name":"wp","href":"https:\/\/api.w.org\/{rel}","templated":true}]}}