{"id":46255,"date":"2025-05-05T18:08:24","date_gmt":"2025-05-05T18:08:24","guid":{"rendered":"https:\/\/historiografija.hr\/?p=46255"},"modified":"2025-05-05T18:08:24","modified_gmt":"2025-05-05T18:08:24","slug":"vrli-novi-svijet-tribina-povodom-dana-europe","status":"publish","type":"post","link":"https:\/\/historiografija.hr\/?p=46255","title":{"rendered":"Vrli Novi svijet? Tribina povodom Dana Europe"},"content":{"rendered":"\n<p>Petak, 9. svibnja 2025. u 18:00 sati, Dvorana Jure Petri\u010devi\u0107a, Ulica Matice hrvatske 2, Strossmayerov trg 4, Zagreb<\/p>\n\n\n\n<p>Postala je tradicija da Matica hrvatska obilje\u017eava Dan Europe 9. svibnja prigodnom tribinom na kojoj pozvani stru\u010dnjaci i javne osobe promi\u0161ljaju ulogu Europe i mjesto Hrvatske u velikim povijesnim gibanjima, kao i trenutne izazove koji su pred Europskom Unijom i njezinih 27 zemalja \u010dlanica. Pro\u0161logodi\u0161nja je tribina bila posve\u0107ena europskim parlamentarnim izborima na kojima se nismo iskazali: prema postotku izlaznosti glasa\u010da bili smo uvjerljivo posljednja od \u010dlanica EU. Taj podatak razlog je vi\u0161e da ustrajemo u na\u0161em naumu. Povod i teme ovogodi\u0161nje tribine dodatno govore o potrebi da se aktivnije zamislimo nad trenutnom situacijom u Europi, svijetu, ali i u na\u0161em okru\u017eenju, da o njoj promi\u0161ljamo na razini geopolitke, dru\u0161tva, ekonomije i kulture, ne zaboravljaju\u0107i pritom \u017eelje, o\u010dekivanja, nadanja i strahove obi\u010dnih ljudi. Svi smo, naime, uhva\u0107eni u vrtlog zbivanja koja se ni\u017eu munjevitom brzinom i prijete da \u0107e pokopati svijet kakav smo jo\u0161 do ju\u010der poznavali. Promjene ne moraju nu\u017eno biti na gore, ali za njih valja biti spreman, a jedan od na\u010dina jest da o njima raspravljamo, odnosno, da poslu\u0161amo one koji su najpozvaniji da o njima govore. Drago nam je da \u0107e to ove godine biti \u010detvorica mladih stru\u010dnjaka koje smo odabrali ne samo zbog izuzetne akademske naobrazbe i sada ve\u0107 bogatog iskustva, ve\u0107 i zbog \u010dinjenice da je upravo njihova generacija pozvana da na\u0111e odgovore na izazove koji \u0107e oblikovati budu\u0107nost Hrvatske i Europe.<\/p>\n\n\n\n<p>Sudjeluju<br><strong>Janko Beki\u0107, Tomislav Kardum, Kristijan Kotarski, Petar Popovi\u0107<\/strong><\/p>\n\n\n\n<p>Moderator<br><strong>Dino Milinovi\u0107<\/strong><\/p>\n\n\n\n<p><strong>Janko Beki\u0107<\/strong> je docent na Sveu\u010dili\u0161tu obrane i sigurnosti \u201eDr. Franjo Tu\u0111man\u201c te na Hrvatskom vojnom u\u010dili\u0161tu. Predaje kolegij Uvod u studij me\u0111unarodne politike. Njegov istra\u017eiva\u010dki interes obuhva\u0107a teme me\u0111unarodnih odnosa, sigurnosti i geopolitike, s naglaskom na prostor Isto\u010dne i Jugoisto\u010dne Europe te Bliskog istoka. Autor je brojnih znanstvenih i stru\u010dnih radova, kao i analiza za publikacije poput E-International Relations, The National Interest i portal Rudaw u Ira\u010dkom Kurdistanu.<\/p>\n\n\n\n<p><strong>Tomislav Kardum <\/strong>asistent je na Hrvatskom institutu za povijest i urednik portala Heretica. Autor je vi\u0161e knjiga i znanstvenih radova uglavnom o me\u0111uratnom razdoblju i o temama iz intelektualne povijesti. O suvremenim politi\u010dkim pitanjima objavljivao je tekstove u raznim publikacijama, uklju\u010duju\u0107i Quillette, The European Conservative i The American Spectator. &nbsp;<\/p>\n\n\n\n<p><strong>Kristijan Kotarski<\/strong> je izvanredni profesor na Fakultetu politi\u010dkih znanosti Sveu\u010dili\u0161ta u Zagrebu. Predaje kolegije Me\u0111unarodna politi\u010dka ekonomija i Teorija ekonomske politike. Njegov istra\u017eiva\u010dki interes obuhva\u0107a teme poput: trgova\u010dkih ratova, valutne mo\u0107i i tehnolo\u0161kih restrikcija. Trenutno se nalazi na \u010delu Centra za europske studije na FPZG-u. Autor je velikog broja znanstvenih i stru\u010dnih radova, dvije uredni\u010dke knjige i jedne autorske knjige.<\/p>\n\n\n\n<p><strong>Petar Popovi\u0107<\/strong> je izvanredni profesor na Fakultetu politi\u010dkih znanosti Sveu\u010dili\u0161ta u Zagrebu te na Hrvatskom vojnom u\u010dili\u0161tu \u201eDr. Franjo Tu\u0111man\u201c. Predaje predmete Uvod u me\u0111unarodne odnose, Teorije me\u0111unarodnih odnosa, i Svjetska diplomatska povijest 20. stolje\u0107a. Objavio je brojne studije iz podru\u010dja me\u0111unarodnih odnosa i autor je tri knjige. Glavni je i odgovorni urednik biblioteke Politi\u010dka misao.<\/p>\n\n\n\n<hr class=\"wp-block-separator has-alpha-channel-opacity\"\/>\n\n\n\n<p>Izvor:<\/p>\n\n\n\n<p><a href=\"https:\/\/www.matica.hr\/zbivanja\/vrli-novi-svijet-tribina-povodom-dana-europe-4752\">https:\/\/www.matica.hr\/zbivanja\/vrli-novi-svijet-tribina-povodom-dana-europe-4752<\/a><\/p>\n\n\n\n<hr class=\"wp-block-separator has-alpha-channel-opacity\"\/>\n","protected":false},"excerpt":{"rendered":"","protected":false},"author":2,"featured_media":3858,"comment_status":"open","ping_status":"open","sticky":false,"template":"","format":"standard","meta":{"_acf_changed":false,"jetpack_post_was_ever_published":false,"_jetpack_newsletter_access":"","_jetpack_dont_email_post_to_subs":false,"_jetpack_newsletter_tier_id":0,"_jetpack_memberships_contains_paywalled_content":false,"_jetpack_memberships_contains_paid_content":false,"footnotes":"","jetpack_publicize_message":"","jetpack_publicize_feature_enabled":true,"jetpack_social_post_already_shared":true,"jetpack_social_options":{"image_generator_settings":{"template":"highway","default_image_id":0,"font":"","enabled":false},"version":2}},"categories":[3],"tags":[],"class_list":["post-46255","post","type-post","status-publish","format-standard","has-post-thumbnail","hentry","category-novosti"],"acf":{"facebook_opis":""},"jetpack_publicize_connections":[],"jetpack_featured_media_url":"https:\/\/i0.wp.com\/historiografija.hr\/wp-content\/uploads\/2017\/04\/MaticaHrvatska_logo.jpg?fit=600%2C400&ssl=1","jetpack_sharing_enabled":true,"jetpack-related-posts":[{"id":52631,"url":"https:\/\/historiografija.hr\/?p=52631","url_meta":{"origin":46255,"position":0},"title":"Predavanje Ivana Tepe\u0161a: Djelovanje hrvatske politi\u010dke emigracije","author":"Branimir Jankovi\u0107","date":"23. travnja 2026.","format":false,"excerpt":"Odjel za me\u0111unarodnu suradnju i iseljeni\u0161tvo Matice hrvatske Predavanje Ivana Tepe\u0161a: Djelovanje hrvatske politi\u010dke emigracije Utorak, 28. travnja 2026. u 18:00 sati, Dvorana Ljudevita Jonkea (Mala dvorana MH), Strossmayerov trg 4, Zagreb dr. sc. Ivan Tepe\u0161, Institut za istra\u017eivanje migracija Hrvatska politi\u010dka emigracija obilje\u017eila je polustoljetnu hrvatsku povijest u drugoj\u2026","rel":"","context":"U &quot;Novosti&quot;","block_context":{"text":"Novosti","link":"https:\/\/historiografija.hr\/?cat=3"},"img":{"alt_text":"","src":"","width":0,"height":0},"classes":[]},{"id":52616,"url":"https:\/\/historiografija.hr\/?p=52616","url_meta":{"origin":46255,"position":1},"title":"No\u0107 knjige 2026.","author":"Branimir Jankovi\u0107","date":"22. travnja 2026.","format":false,"excerpt":"Slavljeni\u010dka 15. No\u0107 knjige odr\u017eat \u0107e se 23. travnja diljem Hrvatske u povodu Svjetskog dana knjige i autorskih prava te Dana hrvatske knjige. S vi\u0161e od 1.000 prijavljenih programa i akcija s pravom nosi epitet najmasovnije doma\u0107e kulturne manifestacije, a ove \u0107e godine prote\u0107i u znaku mira, razumijevanja, tolerancije, srodnosti\u2026","rel":"","context":"U &quot;Novosti&quot;","block_context":{"text":"Novosti","link":"https:\/\/historiografija.hr\/?cat=3"},"img":{"alt_text":"","src":"https:\/\/i0.wp.com\/historiografija.hr\/wp-content\/uploads\/2026\/04\/noc_knjige_2026.jpg?fit=680%2C276&ssl=1&resize=350%2C200","width":350,"height":200,"srcset":"https:\/\/i0.wp.com\/historiografija.hr\/wp-content\/uploads\/2026\/04\/noc_knjige_2026.jpg?fit=680%2C276&ssl=1&resize=350%2C200 1x, https:\/\/i0.wp.com\/historiografija.hr\/wp-content\/uploads\/2026\/04\/noc_knjige_2026.jpg?fit=680%2C276&ssl=1&resize=525%2C300 1.5x"},"classes":[]},{"id":52499,"url":"https:\/\/historiografija.hr\/?p=52499","url_meta":{"origin":46255,"position":2},"title":"POTPISAN UGOVOR O ZNANSTVENO-ISTRA\u017dIVA\u010cKOJ SURADNJI: PROJEKT \u201eTEMELJI HRVATSKE SAMOSTALNOSTI\u201d","author":"Branimir Jankovi\u0107","date":"17. travnja 2026.","format":false,"excerpt":"Hrvatski institut za povijest, Sveu\u010dili\u0161te obrane i sigurnosti \u201eDr. Franjo Tu\u0111man\u201d, Institut dru\u0161tvenih znanosti Ivo Pilar i Hrvatski dr\u017eavni arhiv\u00a0potpisali su 23. o\u017eujka 2026.\u00a0Ugovor o znanstveno-istra\u017eiva\u010dkoj suradnji s ciljem provedbe projekta \u201eTemelji hrvatske samostalnosti\u201d. Tim projektom obuhva\u0107a se istra\u017eivanje arhivskoga gradiva, priprema znanstvenih publikacija, digitalizacija i javna prezentacija rezultata istra\u017eivanja\u2026","rel":"","context":"U &quot;Novosti&quot;","block_context":{"text":"Novosti","link":"https:\/\/historiografija.hr\/?cat=3"},"img":{"alt_text":"","src":"https:\/\/i0.wp.com\/historiografija.hr\/wp-content\/uploads\/2026\/04\/THS_sporazum.jpg?fit=1200%2C583&ssl=1&resize=350%2C200","width":350,"height":200,"srcset":"https:\/\/i0.wp.com\/historiografija.hr\/wp-content\/uploads\/2026\/04\/THS_sporazum.jpg?fit=1200%2C583&ssl=1&resize=350%2C200 1x, https:\/\/i0.wp.com\/historiografija.hr\/wp-content\/uploads\/2026\/04\/THS_sporazum.jpg?fit=1200%2C583&ssl=1&resize=525%2C300 1.5x, https:\/\/i0.wp.com\/historiografija.hr\/wp-content\/uploads\/2026\/04\/THS_sporazum.jpg?fit=1200%2C583&ssl=1&resize=700%2C400 2x, https:\/\/i0.wp.com\/historiografija.hr\/wp-content\/uploads\/2026\/04\/THS_sporazum.jpg?fit=1200%2C583&ssl=1&resize=1050%2C600 3x"},"classes":[]},{"id":52569,"url":"https:\/\/historiografija.hr\/?p=52569","url_meta":{"origin":46255,"position":3},"title":"[Predavanje] Ne \u010dekaju\u0107i inspiraciju \u2013 anga\u017eovane intelektualne, kulturalne i umetni\u010dke prakse u me\u0111uratnom periodu: teorija i praksa kriti\u010dke levice u jugoslovenskoj kulturi (YugoLab)","author":"Branimir Jankovi\u0107","date":"21. travnja 2026.","format":false,"excerpt":"U vreme agresivnog ja\u010danja globalne desnice, (pro)fa\u0161isti\u010dkih, rasisti\u010dkih i imperijalisti\u010dkih politika, dok je istovremeno globalna levica izrazito slaba, a progresivni pokreti atomizirani i fragmentisani, va\u017eno je iz savremene perspektive vratiti se revolucionarnim i emancipatorskim zbivanjima u jugoslovenskom (ali i s njima u vezi internacionalnim de\u0161avanjima), kao i dru\u0161tvenoj ulozi kulturalnih\u2026","rel":"","context":"U &quot;Novosti&quot;","block_context":{"text":"Novosti","link":"https:\/\/historiografija.hr\/?cat=3"},"img":{"alt_text":"","src":"","width":0,"height":0},"classes":[]},{"id":52760,"url":"https:\/\/historiografija.hr\/?p=52760","url_meta":{"origin":46255,"position":4},"title":"Izlo\u017eba \u201cLo\u0161injski brodovi, njihove zastave i ljudi\u201d, 4. svibnja u 19h","author":"Filip \u0160imunjak","date":"30. travnja 2026.","format":false,"excerpt":"Hrvatski pomorski muzej Split, Glagolja\u0161a 18 (Tvr\u0111ava Gripe) Nakon \u0161to je u rujnu 2025. godine na otoku Lo\u0161inju, u suradnji Lo\u0161injskog muzeja i Hrvatskog pomorskog muzeja Split, predstavljena izlo\u017eba posve\u0107ena bogatoj pomorskoj ba\u0161tini otoka, njezino pro\u0161ireno izdanje postavlja se u Splitu. Uo\u010di blagdana svetog Dujma splitskoj \u0107e se publici predstaviti\u2026","rel":"","context":"U &quot;Izlo\u017ebe&quot;","block_context":{"text":"Izlo\u017ebe","link":"https:\/\/historiografija.hr\/?cat=10"},"img":{"alt_text":"","src":"https:\/\/i0.wp.com\/historiografija.hr\/wp-content\/uploads\/2026\/04\/Losinjski-brodovi-Izlozba-1-scaled.webp?fit=840%2C1200&ssl=1&resize=350%2C200","width":350,"height":200,"srcset":"https:\/\/i0.wp.com\/historiografija.hr\/wp-content\/uploads\/2026\/04\/Losinjski-brodovi-Izlozba-1-scaled.webp?fit=840%2C1200&ssl=1&resize=350%2C200 1x, https:\/\/i0.wp.com\/historiografija.hr\/wp-content\/uploads\/2026\/04\/Losinjski-brodovi-Izlozba-1-scaled.webp?fit=840%2C1200&ssl=1&resize=525%2C300 1.5x, https:\/\/i0.wp.com\/historiografija.hr\/wp-content\/uploads\/2026\/04\/Losinjski-brodovi-Izlozba-1-scaled.webp?fit=840%2C1200&ssl=1&resize=700%2C400 2x"},"classes":[]},{"id":52733,"url":"https:\/\/historiografija.hr\/?p=52733","url_meta":{"origin":46255,"position":5},"title":"Vlado Raji\u0107 \u201eGranica na kraju stolje\u0107a\u201c","author":"Filip \u0160imunjak","date":"29. travnja 2026.","format":false,"excerpt":"U suizdanju Durieuxa i Beletre objavljena je 2025. godine knjiga Granica na kraju stolje\u0107a autora Vlade Raji\u0107a.\u00a0 O knjizi\u00a0 Romansirana biografija Vladimira Iblera mnogo je vi\u0161e od zanimljive pri\u010de o privatnom \u017eivotu i impresivnoj profesionalnoj karijeri istaknutog stru\u010dnjaka za me\u0111unarodno pravo i dugo\u00adgodi\u0161njeg profesora na zagreba\u010dkom Pravnom fakultetu, akademika, koji\u2026","rel":"","context":"U &quot;Knjige&quot;","block_context":{"text":"Knjige","link":"https:\/\/historiografija.hr\/?cat=8"},"img":{"alt_text":"","src":"https:\/\/i0.wp.com\/historiografija.hr\/wp-content\/uploads\/2026\/04\/VLADO-RAJIC-GRANICA-NA-KRAJU-STOLJECA.jpg?fit=450%2C650&ssl=1&resize=350%2C200","width":350,"height":200},"classes":[]}],"_links":{"self":[{"href":"https:\/\/historiografija.hr\/index.php?rest_route=\/wp\/v2\/posts\/46255","targetHints":{"allow":["GET"]}}],"collection":[{"href":"https:\/\/historiografija.hr\/index.php?rest_route=\/wp\/v2\/posts"}],"about":[{"href":"https:\/\/historiografija.hr\/index.php?rest_route=\/wp\/v2\/types\/post"}],"author":[{"embeddable":true,"href":"https:\/\/historiografija.hr\/index.php?rest_route=\/wp\/v2\/users\/2"}],"replies":[{"embeddable":true,"href":"https:\/\/historiografija.hr\/index.php?rest_route=%2Fwp%2Fv2%2Fcomments&post=46255"}],"version-history":[{"count":1,"href":"https:\/\/historiografija.hr\/index.php?rest_route=\/wp\/v2\/posts\/46255\/revisions"}],"predecessor-version":[{"id":46256,"href":"https:\/\/historiografija.hr\/index.php?rest_route=\/wp\/v2\/posts\/46255\/revisions\/46256"}],"wp:featuredmedia":[{"embeddable":true,"href":"https:\/\/historiografija.hr\/index.php?rest_route=\/wp\/v2\/media\/3858"}],"wp:attachment":[{"href":"https:\/\/historiografija.hr\/index.php?rest_route=%2Fwp%2Fv2%2Fmedia&parent=46255"}],"wp:term":[{"taxonomy":"category","embeddable":true,"href":"https:\/\/historiografija.hr\/index.php?rest_route=%2Fwp%2Fv2%2Fcategories&post=46255"},{"taxonomy":"post_tag","embeddable":true,"href":"https:\/\/historiografija.hr\/index.php?rest_route=%2Fwp%2Fv2%2Ftags&post=46255"}],"curies":[{"name":"wp","href":"https:\/\/api.w.org\/{rel}","templated":true}]}}