{"id":46249,"date":"2025-05-05T17:32:29","date_gmt":"2025-05-05T17:32:29","guid":{"rendered":"https:\/\/historiografija.hr\/?p=46249"},"modified":"2025-05-05T17:32:29","modified_gmt":"2025-05-05T17:32:29","slug":"gostujuca-predavanja-damira-skenderovica","status":"publish","type":"post","link":"https:\/\/historiografija.hr\/?p=46249","title":{"rendered":"Gostuju\u0107a predavanja Damira Skenderovi\u0107a"},"content":{"rendered":"\n<p>Profesor suvremene povijesti na Sveu\u010dili\u0161tu Fribourg, \u0160vicarska, <a href=\"https:\/\/www.unifr.ch\/directory\/en\/people\/4647\/bf230\">Damir Skenderovi\u0107<\/a> odr\u017eat \u0107e na Filozofskom fakultetu u Zagrebu dva predavanja studentima tre\u0107e godine prijediplomskog studija kolegija \u201eSvjetska i europska povijest nakon 1945.\u201c i prvoj godini diplomskog studija predmeta \u201eHrvatska i svijet u 20. stolje\u0107u \u2013 komparatisti\u010dke teme\u201c:<\/p>\n\n\n\n<p><em>The Radical Right After 1945<\/em>, u utorak, 6. svibnja 2025. u 14h, D6.<\/p>\n\n\n\n<p><em>Colonialism Without Colonies (Switzerland, Austria, Scandinavia)<\/em>, u srijedu, 7. svibnja 2025. u 8h, D6.<\/p>\n\n\n\n<p>Svi ste dobrodo\u0161li.<\/p>\n\n\n\n<hr class=\"wp-block-separator has-alpha-channel-opacity\"\/>\n","protected":false},"excerpt":{"rendered":"","protected":false},"author":2,"featured_media":46250,"comment_status":"open","ping_status":"open","sticky":false,"template":"","format":"standard","meta":{"_acf_changed":false,"jetpack_post_was_ever_published":false,"_jetpack_newsletter_access":"","_jetpack_dont_email_post_to_subs":false,"_jetpack_newsletter_tier_id":0,"_jetpack_memberships_contains_paywalled_content":false,"_jetpack_memberships_contains_paid_content":false,"footnotes":"","jetpack_publicize_message":"","jetpack_publicize_feature_enabled":true,"jetpack_social_post_already_shared":true,"jetpack_social_options":{"image_generator_settings":{"template":"highway","default_image_id":0,"font":"","enabled":false},"version":2}},"categories":[3],"tags":[],"class_list":["post-46249","post","type-post","status-publish","format-standard","has-post-thumbnail","hentry","category-novosti"],"acf":{"facebook_opis":""},"jetpack_publicize_connections":[],"jetpack_featured_media_url":"https:\/\/i0.wp.com\/historiografija.hr\/wp-content\/uploads\/2025\/05\/Skenderovic.jpg?fit=600%2C600&ssl=1","jetpack_sharing_enabled":true,"jetpack-related-posts":[],"_links":{"self":[{"href":"https:\/\/historiografija.hr\/index.php?rest_route=\/wp\/v2\/posts\/46249","targetHints":{"allow":["GET"]}}],"collection":[{"href":"https:\/\/historiografija.hr\/index.php?rest_route=\/wp\/v2\/posts"}],"about":[{"href":"https:\/\/historiografija.hr\/index.php?rest_route=\/wp\/v2\/types\/post"}],"author":[{"embeddable":true,"href":"https:\/\/historiografija.hr\/index.php?rest_route=\/wp\/v2\/users\/2"}],"replies":[{"embeddable":true,"href":"https:\/\/historiografija.hr\/index.php?rest_route=%2Fwp%2Fv2%2Fcomments&post=46249"}],"version-history":[{"count":1,"href":"https:\/\/historiografija.hr\/index.php?rest_route=\/wp\/v2\/posts\/46249\/revisions"}],"predecessor-version":[{"id":46251,"href":"https:\/\/historiografija.hr\/index.php?rest_route=\/wp\/v2\/posts\/46249\/revisions\/46251"}],"wp:featuredmedia":[{"embeddable":true,"href":"https:\/\/historiografija.hr\/index.php?rest_route=\/wp\/v2\/media\/46250"}],"wp:attachment":[{"href":"https:\/\/historiografija.hr\/index.php?rest_route=%2Fwp%2Fv2%2Fmedia&parent=46249"}],"wp:term":[{"taxonomy":"category","embeddable":true,"href":"https:\/\/historiografija.hr\/index.php?rest_route=%2Fwp%2Fv2%2Fcategories&post=46249"},{"taxonomy":"post_tag","embeddable":true,"href":"https:\/\/historiografija.hr\/index.php?rest_route=%2Fwp%2Fv2%2Ftags&post=46249"}],"curies":[{"name":"wp","href":"https:\/\/api.w.org\/{rel}","templated":true}]}}