{"id":46246,"date":"2025-05-05T17:28:23","date_gmt":"2025-05-05T17:28:23","guid":{"rendered":"https:\/\/historiografija.hr\/?p=46246"},"modified":"2025-05-05T17:28:23","modified_gmt":"2025-05-05T17:28:23","slug":"predstavljanje-knjige-oaza-u-crikvenici-sudbina-kolonije-poljskih-emigranata-u-jugoslaviji-tijekom-drugoga-svjetskog-rata-u-crikvenici","status":"publish","type":"post","link":"https:\/\/historiografija.hr\/?p=46246","title":{"rendered":"Predstavljanje knjige \u201eOaza u Crikvenici: sudbina kolonije poljskih emigranata u Jugoslaviji tijekom Drugoga svjetskog rata\u201c u Crikvenici"},"content":{"rendered":"\n<p>Gradska vije\u0107nica Grada Crikvenice, Vinodolska 1<\/p>\n\n\n\n<p>\u010cetvrtak, 8. svibnja 2025; 18.30<\/p>\n\n\n\n<p>U \u010detvrtak \u0107e se u organizaciji Gradske knji\u017enice Crikvenica odr\u017eati predstavljanje knjige Janine Kujawske-Tenner Oaza u Crikvenici: sudbina kolonije poljskih emigranata u Jugoslaviji tijekom Drugoga svjetskog rata.<\/p>\n\n\n\n<p>U predstavljanju sudjeluju:<\/p>\n\n\n\n<p>dr. sc. Slaven Kale<\/p>\n\n\n\n<p>dr. sc. Damir Agi\u010di\u0107<\/p>\n\n\n\n<p>monsignor izv. prof. dr. sc. Juraj Batelja<\/p>\n\n\n\n<hr class=\"wp-block-separator has-alpha-channel-opacity\"\/>\n\n\n\n<p>Izvor:<\/p>\n\n\n\n<figure class=\"wp-block-embed is-type-wp-embed is-provider-srednja-europa wp-block-embed-srednja-europa\"><div class=\"wp-block-embed__wrapper\">\n<blockquote class=\"wp-embedded-content\" data-secret=\"AwLV0HP6Kq\"><a href=\"https:\/\/srednja-europa.hr\/dogadaji\/crikvenica-8-svibnja-2025-predstavljanje-knjige-oaza-u-crikvenici\/\">Crikvenica, 8. svibnja 2025: Predstavljanje knjige Oaza u Crikvenici<\/a><\/blockquote><iframe loading=\"lazy\" class=\"wp-embedded-content\" sandbox=\"allow-scripts\" security=\"restricted\" style=\"position: absolute; visibility: hidden;\" title=\"&#8220;Crikvenica, 8. svibnja 2025: Predstavljanje knjige Oaza u Crikvenici&#8221; &#8212; Srednja Europa\" src=\"https:\/\/srednja-europa.hr\/dogadaji\/crikvenica-8-svibnja-2025-predstavljanje-knjige-oaza-u-crikvenici\/embed\/#?secret=AwLV0HP6Kq\" data-secret=\"AwLV0HP6Kq\" width=\"600\" height=\"338\" frameborder=\"0\" marginwidth=\"0\" marginheight=\"0\" scrolling=\"no\"><\/iframe>\n<\/div><\/figure>\n\n\n\n<hr class=\"wp-block-separator has-alpha-channel-opacity\"\/>\n","protected":false},"excerpt":{"rendered":"","protected":false},"author":2,"featured_media":46247,"comment_status":"open","ping_status":"open","sticky":false,"template":"","format":"standard","meta":{"_acf_changed":false,"jetpack_post_was_ever_published":false,"_jetpack_newsletter_access":"","_jetpack_dont_email_post_to_subs":false,"_jetpack_newsletter_tier_id":0,"_jetpack_memberships_contains_paywalled_content":false,"_jetpack_memberships_contains_paid_content":false,"footnotes":"","jetpack_publicize_message":"","jetpack_publicize_feature_enabled":true,"jetpack_social_post_already_shared":true,"jetpack_social_options":{"image_generator_settings":{"template":"highway","default_image_id":0,"font":"","enabled":false},"version":2}},"categories":[3],"tags":[],"class_list":["post-46246","post","type-post","status-publish","format-standard","has-post-thumbnail","hentry","category-novosti"],"acf":{"facebook_opis":""},"jetpack_publicize_connections":[],"jetpack_featured_media_url":"https:\/\/i0.wp.com\/historiografija.hr\/wp-content\/uploads\/2025\/05\/Oaza_u_Crikvenici.jpg?fit=1440%2C1800&ssl=1","jetpack_sharing_enabled":true,"jetpack-related-posts":[],"_links":{"self":[{"href":"https:\/\/historiografija.hr\/index.php?rest_route=\/wp\/v2\/posts\/46246","targetHints":{"allow":["GET"]}}],"collection":[{"href":"https:\/\/historiografija.hr\/index.php?rest_route=\/wp\/v2\/posts"}],"about":[{"href":"https:\/\/historiografija.hr\/index.php?rest_route=\/wp\/v2\/types\/post"}],"author":[{"embeddable":true,"href":"https:\/\/historiografija.hr\/index.php?rest_route=\/wp\/v2\/users\/2"}],"replies":[{"embeddable":true,"href":"https:\/\/historiografija.hr\/index.php?rest_route=%2Fwp%2Fv2%2Fcomments&post=46246"}],"version-history":[{"count":1,"href":"https:\/\/historiografija.hr\/index.php?rest_route=\/wp\/v2\/posts\/46246\/revisions"}],"predecessor-version":[{"id":46248,"href":"https:\/\/historiografija.hr\/index.php?rest_route=\/wp\/v2\/posts\/46246\/revisions\/46248"}],"wp:featuredmedia":[{"embeddable":true,"href":"https:\/\/historiografija.hr\/index.php?rest_route=\/wp\/v2\/media\/46247"}],"wp:attachment":[{"href":"https:\/\/historiografija.hr\/index.php?rest_route=%2Fwp%2Fv2%2Fmedia&parent=46246"}],"wp:term":[{"taxonomy":"category","embeddable":true,"href":"https:\/\/historiografija.hr\/index.php?rest_route=%2Fwp%2Fv2%2Fcategories&post=46246"},{"taxonomy":"post_tag","embeddable":true,"href":"https:\/\/historiografija.hr\/index.php?rest_route=%2Fwp%2Fv2%2Ftags&post=46246"}],"curies":[{"name":"wp","href":"https:\/\/api.w.org\/{rel}","templated":true}]}}