{"id":46244,"date":"2025-05-05T16:41:59","date_gmt":"2025-05-05T16:41:59","guid":{"rendered":"https:\/\/historiografija.hr\/?p=46244"},"modified":"2025-05-05T16:41:59","modified_gmt":"2025-05-05T16:41:59","slug":"predstavljanje-arhiva-nesvrstanih-crno-bijelo-glasovi-solidarnosti","status":"publish","type":"post","link":"https:\/\/historiografija.hr\/?p=46244","title":{"rendered":"Predstavljanje Arhiva Nesvrstanih. CRNO-BIJELO &#8220;Glasovi solidarnosti&#8221;"},"content":{"rendered":"\n<p><strong>Sedmi knji\u017eevni kru\u017eok \u2013 7. svibnja 2025., Klub MaMa<\/strong><\/p>\n\n\n\n<p><strong>CRNO-BIJELO<\/strong> je vi\u0161e od knji\u017eevnog kru\u017eoka \u2013 to je prostor susreta, dijaloga i zajedni\u010dkog razmi\u0161ljanja o klju\u010dnim dru\u0161tvenim pitanjima dana\u0161njice. Ovdje se raspravlja o (post)kolonijalizmu, rasizmu, migracijama i grani\u010dnim re\u017eimima, kroz prizmu knji\u017eevnosti, povijesti i svakodnevnog iskustva. Kru\u017eok je zami\u0161ljen kao laboratorij za razvoj antikolonijalnih strategija, ali i kao sigurno mjesto za u\u010denje, razmjenu i odu\u010davanje \u2013 mjesto gdje zajedno gradimo znanje i solidarnost.<\/p>\n\n\n\n<p>Povodom predstavljanja <strong>Arhiva Nesvrstanih<\/strong>, pozivamo vas na <strong>sedmo okupljanje CRNO-BIJELO<\/strong>, koje \u0107e se odr\u017eati <strong>7. svibnja 2025. u 18 sati u Multimedijalnom institutu \u2013 Klub MaMa (Preradovi\u0107eva 18, Zagreb).<\/strong><\/p>\n\n\n\n<p>Ovog puta \u010ditamo i promi\u0161ljamo dva va\u017ena teksta:<\/p>\n\n\n\n<ul class=\"wp-block-list\">\n<li><em>The Black Community and the Non-Aligned Movement<\/em> autorice <strong>Barbare Lee<\/strong><\/li>\n\n\n\n<li><em>Speech in the Indian Parliament<\/em> (<strong>27.12.1954.<\/strong>) Josipa Broza Tita<\/li>\n<\/ul>\n\n\n\n<p>Uz nas \u0107e biti i <strong>Paul Stubbs<\/strong>, britanski sociolog koji \u017eivi i djeluje u Hrvatskoj. Stubbs se ve\u0107 desetlje\u0107ima bavi temama poput rasizma u socijalnoj politici, socijalne isklju\u010denosti i urbanih dru\u0161tvenih pokreta, a posebno ga zanimaju socijalisti\u010dka Jugoslavija i Pokret nesvrstanih.<\/p>\n\n\n\n<p>&nbsp;\u201cTwo very contrasting documents. &#8211; one long before the Non Aligned was established but which demonstrates the early elaboration of its principles. The other when NAM was already in a phase of decline but which points to the rather ambivalent racialised politics of NAM in general terms and its lack of responsiveness to social movements.\u201c<\/p>\n\n\n\n<p>\u010citanje unaprijed nije uvjet za sudjelovanje, no ako se \u017eelite pripremiti, molimo vas da svoj dolazak najavite putem e-maila na&nbsp;<strong>stella@dobrojutro.org<\/strong> do <strong>5. svibnja 2025.<\/strong><\/p>\n\n\n\n<p>Program CRNO-BIJELO nastaje uz podr\u0161ku&nbsp;<strong>Grada Zagreba<\/strong>, a rad kulturne udruge <strong>Jutro<\/strong> dodatno podupiru <strong>Moleskine Foundation<\/strong> i <strong>Zaklada Kultura Nova<\/strong>. U partnerstvu smo sa <strong>Subversive Festivalom<\/strong>.<\/p>\n\n\n\n<p><em>Vizual: Vina \u0106ur\u010dija<\/em><\/p>\n\n\n\n<p>Facebook poveznica:<\/p>\n\n\n\n<p><a href=\"https:\/\/facebook.com\/events\/s\/crno-bijelo-glasovi-solidarnos\/993483569520098\">https:\/\/facebook.com\/events\/s\/crno-bijelo-glasovi-solidarnos\/993483569520098<\/a><\/p>\n\n\n\n<hr class=\"wp-block-separator has-alpha-channel-opacity\"\/>\n\n\n\n<p>Izvor:<\/p>\n\n\n\n<p><a href=\"https:\/\/arhivnesvrstanih.org\/hr\/aktivnosti\/predstavljanje-arhiva-nesvrstanih-crno-bijelo-glasovi-solidarnosti\">https:\/\/arhivnesvrstanih.org\/hr\/aktivnosti\/predstavljanje-arhiva-nesvrstanih-crno-bijelo-glasovi-solidarnosti<\/a><\/p>\n\n\n\n<hr class=\"wp-block-separator has-alpha-channel-opacity\"\/>\n","protected":false},"excerpt":{"rendered":"","protected":false},"author":2,"featured_media":46143,"comment_status":"open","ping_status":"open","sticky":false,"template":"","format":"standard","meta":{"_acf_changed":false,"jetpack_post_was_ever_published":false,"_jetpack_newsletter_access":"","_jetpack_dont_email_post_to_subs":false,"_jetpack_newsletter_tier_id":0,"_jetpack_memberships_contains_paywalled_content":false,"_jetpack_memberships_contains_paid_content":false,"footnotes":"","jetpack_publicize_message":"","jetpack_publicize_feature_enabled":true,"jetpack_social_post_already_shared":true,"jetpack_social_options":{"image_generator_settings":{"template":"highway","default_image_id":0,"font":"","enabled":false},"version":2}},"categories":[3],"tags":[],"class_list":["post-46244","post","type-post","status-publish","format-standard","has-post-thumbnail","hentry","category-novosti"],"acf":{"facebook_opis":""},"jetpack_publicize_connections":[],"jetpack_featured_media_url":"https:\/\/i0.wp.com\/historiografija.hr\/wp-content\/uploads\/2025\/05\/Otvaranje_Arhiva.jpg?fit=960%2C432&ssl=1","jetpack_sharing_enabled":true,"jetpack-related-posts":[],"_links":{"self":[{"href":"https:\/\/historiografija.hr\/index.php?rest_route=\/wp\/v2\/posts\/46244","targetHints":{"allow":["GET"]}}],"collection":[{"href":"https:\/\/historiografija.hr\/index.php?rest_route=\/wp\/v2\/posts"}],"about":[{"href":"https:\/\/historiografija.hr\/index.php?rest_route=\/wp\/v2\/types\/post"}],"author":[{"embeddable":true,"href":"https:\/\/historiografija.hr\/index.php?rest_route=\/wp\/v2\/users\/2"}],"replies":[{"embeddable":true,"href":"https:\/\/historiografija.hr\/index.php?rest_route=%2Fwp%2Fv2%2Fcomments&post=46244"}],"version-history":[{"count":1,"href":"https:\/\/historiografija.hr\/index.php?rest_route=\/wp\/v2\/posts\/46244\/revisions"}],"predecessor-version":[{"id":46245,"href":"https:\/\/historiografija.hr\/index.php?rest_route=\/wp\/v2\/posts\/46244\/revisions\/46245"}],"wp:featuredmedia":[{"embeddable":true,"href":"https:\/\/historiografija.hr\/index.php?rest_route=\/wp\/v2\/media\/46143"}],"wp:attachment":[{"href":"https:\/\/historiografija.hr\/index.php?rest_route=%2Fwp%2Fv2%2Fmedia&parent=46244"}],"wp:term":[{"taxonomy":"category","embeddable":true,"href":"https:\/\/historiografija.hr\/index.php?rest_route=%2Fwp%2Fv2%2Fcategories&post=46244"},{"taxonomy":"post_tag","embeddable":true,"href":"https:\/\/historiografija.hr\/index.php?rest_route=%2Fwp%2Fv2%2Ftags&post=46244"}],"curies":[{"name":"wp","href":"https:\/\/api.w.org\/{rel}","templated":true}]}}