{"id":46234,"date":"2025-05-05T15:55:19","date_gmt":"2025-05-05T15:55:19","guid":{"rendered":"https:\/\/historiografija.hr\/?p=46234"},"modified":"2025-05-05T15:55:19","modified_gmt":"2025-05-05T15:55:19","slug":"dani-otvorenih-vrata-instituta-za-povijest-umjetnosti-2025","status":"publish","type":"post","link":"https:\/\/historiografija.hr\/?p=46234","title":{"rendered":"Dani otvorenih vrata Instituta za povijest umjetnosti 2025."},"content":{"rendered":"\n<p>Institut za povijest umjetnosti ponovno otvara svoja vrata javnosti u Zagrebu i Splitu, kako bismo vam ponudili pregled svojeg rada kroz niz predavanja. Program zapo\u010dinjemo u <strong>Zagrebu<\/strong> <strong>6. i 7. svibnja 2025.<\/strong> u sjedi\u0161tu Instituta za povijest umjetnosti (Ulica grada Vukovara 68\/III, Zagreb), a zatvaramo jednodnevnim predstavljanjem u <strong>Splitu 16. svibnja 2025. <\/strong>u Staroj gradskoj vije\u0107nici (Narodni trg, Split).<\/p>\n\n\n\n<p>Donosimo raznolik program kojim nastojimo \u0161iroj javnosti pribli\u017eiti istra\u017eivanja koja Institut provodi u poljima povijesti umjetnosti, arhitekture, urbanizma i vizualne kulture. Ovom \u0107emo prilikom predstaviti aktualne kompetitivne projekte Instituta koji se provode uz podr\u0161ku Hrvatske zaklade za znanost (<a href=\"https:\/\/www.ipu.hr\/article\/hr\/1616\/ARHZAG\">ARHZAG<\/a>; <a href=\"https:\/\/www.ipu.hr\/article\/hr\/1615\/TraveloguesDalmatia\">TraveloguesDalmatia<\/a>) i projekte ustanove financirane u okviru programa Europske unije \u2013 NextGenerationEU (<a href=\"https:\/\/www.ipu.hr\/article\/hr\/1609\/UrbArh\">URBARH<\/a>; <a href=\"https:\/\/www.ipu.hr\/article\/hr\/1610\/ISEM\">ISEM<\/a>; <a href=\"https:\/\/www.ipu.hr\/article\/hr\/1613\/digitart\">DIGitART<\/a>; <a href=\"https:\/\/www.ipu.hr\/article\/hr\/1611\/FEMO\">FEMO<\/a>; <a href=\"https:\/\/www.ipu.hr\/article\/hr\/1612\/LoRegUm\">LoRegUm<\/a>). Predstavit \u0107emo i proces pripreme prijave novog projekta <a href=\"https:\/\/www.ipu.hr\/article\/hr\/1898\/housingyu\">Pravo na stan<\/a> voditeljice dr. sc. Tamare Bja\u017ei\u0107 Klarin, dobitnice ERC Consolidator Grant-a u okviru programa Obzor Europa. <strong>Detaljnije informacije o programu potra\u017eite <a href=\"https:\/\/www.ipu.hr\/content\/info\/IPU_DOV2025_program.pdf\">ovdje<\/a>.<\/strong><\/p>\n\n\n\n<p>Posjetitelji \u0107e se tijekom Dana otvorenih vrata mo\u0107i upoznati s izdanjima Instituta koja \u0107e se prodavati po prigodnim cijenama. Mogu\u0107a je i online kupnja po prigodnim cijenama slanjem e-maila na adresu <a href=\"mailto:inenadic@ipu.hr\">inenadic@ipu.hr<\/a> (kontakt: Irena Nenadi\u0107) u razdoblju od 6. do 16. svibnja 2025. <strong>Popis publikacija s prigodnim cijenama potra\u017eite <a href=\"https:\/\/www.ipu.hr\/content\/info\/IPU_DOV25_cjenik.pdf\">ovdje<\/a>.<\/strong><\/p>\n\n\n\n<p>Nadamo se da \u0107ete nam se pridru\u017eiti na predavanjima i razgovorima u Zagrebu i Splitu.<\/p>\n\n\n\n<p>Dobro do\u0161li!<br><br>Dani otvorenih vrata organiziraju se u okviru aktivnosti popularizacije znanosti uz podr\u0161ku Ministarstva znanosti, obrazovanja i mladih.<\/p>\n\n\n\n<hr class=\"wp-block-separator has-alpha-channel-opacity\"\/>\n\n\n\n<p>Izvor:<\/p>\n\n\n\n<p><a href=\"https:\/\/www.ipu.hr\/article\/hr\/1920\/dani-otvorenih-vrata\">https:\/\/www.ipu.hr\/article\/hr\/1920\/dani-otvorenih-vrata<\/a><\/p>\n\n\n\n<hr class=\"wp-block-separator has-alpha-channel-opacity\"\/>\n","protected":false},"excerpt":{"rendered":"","protected":false},"author":2,"featured_media":46235,"comment_status":"open","ping_status":"open","sticky":false,"template":"","format":"standard","meta":{"_acf_changed":false,"jetpack_post_was_ever_published":false,"_jetpack_newsletter_access":"","_jetpack_dont_email_post_to_subs":false,"_jetpack_newsletter_tier_id":0,"_jetpack_memberships_contains_paywalled_content":false,"_jetpack_memberships_contains_paid_content":false,"footnotes":"","jetpack_publicize_message":"","jetpack_publicize_feature_enabled":true,"jetpack_social_post_already_shared":true,"jetpack_social_options":{"image_generator_settings":{"template":"highway","default_image_id":0,"font":"","enabled":false},"version":2}},"categories":[3],"tags":[],"class_list":["post-46234","post","type-post","status-publish","format-standard","has-post-thumbnail","hentry","category-novosti"],"acf":{"facebook_opis":""},"jetpack_publicize_connections":[],"jetpack_featured_media_url":"https:\/\/i0.wp.com\/historiografija.hr\/wp-content\/uploads\/2025\/05\/dov2025.png?fit=4356%2C2722&ssl=1","jetpack_sharing_enabled":true,"jetpack-related-posts":[],"_links":{"self":[{"href":"https:\/\/historiografija.hr\/index.php?rest_route=\/wp\/v2\/posts\/46234","targetHints":{"allow":["GET"]}}],"collection":[{"href":"https:\/\/historiografija.hr\/index.php?rest_route=\/wp\/v2\/posts"}],"about":[{"href":"https:\/\/historiografija.hr\/index.php?rest_route=\/wp\/v2\/types\/post"}],"author":[{"embeddable":true,"href":"https:\/\/historiografija.hr\/index.php?rest_route=\/wp\/v2\/users\/2"}],"replies":[{"embeddable":true,"href":"https:\/\/historiografija.hr\/index.php?rest_route=%2Fwp%2Fv2%2Fcomments&post=46234"}],"version-history":[{"count":1,"href":"https:\/\/historiografija.hr\/index.php?rest_route=\/wp\/v2\/posts\/46234\/revisions"}],"predecessor-version":[{"id":46236,"href":"https:\/\/historiografija.hr\/index.php?rest_route=\/wp\/v2\/posts\/46234\/revisions\/46236"}],"wp:featuredmedia":[{"embeddable":true,"href":"https:\/\/historiografija.hr\/index.php?rest_route=\/wp\/v2\/media\/46235"}],"wp:attachment":[{"href":"https:\/\/historiografija.hr\/index.php?rest_route=%2Fwp%2Fv2%2Fmedia&parent=46234"}],"wp:term":[{"taxonomy":"category","embeddable":true,"href":"https:\/\/historiografija.hr\/index.php?rest_route=%2Fwp%2Fv2%2Fcategories&post=46234"},{"taxonomy":"post_tag","embeddable":true,"href":"https:\/\/historiografija.hr\/index.php?rest_route=%2Fwp%2Fv2%2Ftags&post=46234"}],"curies":[{"name":"wp","href":"https:\/\/api.w.org\/{rel}","templated":true}]}}