{"id":46219,"date":"2025-05-02T22:02:50","date_gmt":"2025-05-02T22:02:50","guid":{"rendered":"https:\/\/historiografija.hr\/?p=46219"},"modified":"2025-05-07T20:56:35","modified_gmt":"2025-05-07T20:56:35","slug":"medunarodni-znanstveni-skup-poceci-kraljevstva-splitski-crkveni-sabori-tomislav-i-njegovo-doba-o-1100-obljetnici","status":"publish","type":"post","link":"https:\/\/historiografija.hr\/?p=46219","title":{"rendered":"Me\u0111unarodni znanstveni skup &#8220;Po\u010deci Kraljevstva: Splitski crkveni sabori, Tomislav i njegovo doba o 1100. obljetnici&#8221;"},"content":{"rendered":"\n<p>U Splitu od 8. do 10. svibnja 2025. odr\u017eat \u0107e se me\u0111unarodni znanstveni skup <em>Po\u010deci Kraljevstva: Splitski crkveni sabori, Tomislav i njegovo doba o 1100. obljetnici&nbsp;<\/em>s preko 50 aktivnih sudionika. U pogledu obilje\u017eavanja 1100. godi\u0161njice Hrvatskog kraljevstva ovo \u0107e biti sredi\u0161nja znanstvena manifestacija gdje \u0107e se raspravljati od suvremenih historiografskim spoznajama vezanim za razdoblje vladavine kralja Tomislava, poglavito u smislu sredi\u0161njeg politi\u010dkog doga\u0111aja Tomislavove vladavine \u2013 splitskim crkvenim saborima odr\u017eanim 925. i 928. godine.<\/p>\n\n\n\n<p>Skup se odvija pod pokroviteljstvom Hrvatske biskupske konferencije, Papinskog odbora za povijesne znanosti i Vlade Republike Hrvatske.<\/p>\n\n\n\n<p>Glavni organizatori skupa su Hrvatsko katoli\u010dko sveu\u010dili\u0161te i Odsjek za povijest Filozofskog fakulteta Sveu\u010dili\u0161ta u Splitu.<\/p>\n\n\n\n<p><a href=\"https:\/\/www.hipzg.hr\/wp-content\/uploads\/2025\/04\/Knjiga-sazetaka-i-program.pdf\">Knjiga sa\u017eetaka i program<\/a><\/p>\n\n\n\n<hr class=\"wp-block-separator has-alpha-channel-opacity\"\/>\n\n\n\n<p>Izvori:<\/p>\n\n\n\n<p><a href=\"https:\/\/www.unicath.hr\/event\/medunarodni-znanstveni-skup-pocetci-kraljevstva-splitski-crkveni-sabori-tomislav-i-njegovo\">https:\/\/www.unicath.hr\/event\/medunarodni-znanstveni-skup-pocetci-kraljevstva-splitski-crkveni-sabori-tomislav-i-njegovo<\/a><\/p>\n\n\n\n<p><a href=\"https:\/\/www.ffst.unist.hr\/dogadanja?@=24lf5#news_105148\">https:\/\/www.ffst.unist.hr\/dogadanja?@=24lf5#news_105148<\/a><\/p>\n\n\n\n<figure class=\"wp-block-embed is-type-wp-embed is-provider-hipzg wp-block-embed-hipzg\"><div class=\"wp-block-embed__wrapper\">\n<blockquote class=\"wp-embedded-content\" data-secret=\"2ZPXUn15Pr\"><a href=\"https:\/\/www.hipzg.hr\/medunarodni-znanstveni-skup-poceci-kraljevstva-splitski-crkveni-sabori-tomislav-i-njegovo-doba-o-1100-obljetnici\/\">Me\u0111unarodni znanstveni skup &#8220;Po\u010deci Kraljevstva: Splitski crkveni sabori, Tomislav i njegovo doba o 1100. obljetnici&#8221;<\/a><\/blockquote><iframe loading=\"lazy\" class=\"wp-embedded-content\" sandbox=\"allow-scripts\" security=\"restricted\" style=\"position: absolute; visibility: hidden;\" title=\"&#8220;Me\u0111unarodni znanstveni skup &#8220;Po\u010deci Kraljevstva: Splitski crkveni sabori, Tomislav i njegovo doba o 1100. obljetnici&#8221;&#8221; &#8212; HIPZG\" src=\"https:\/\/www.hipzg.hr\/medunarodni-znanstveni-skup-poceci-kraljevstva-splitski-crkveni-sabori-tomislav-i-njegovo-doba-o-1100-obljetnici\/embed\/#?secret=rzJMNSeuoO#?secret=2ZPXUn15Pr\" data-secret=\"2ZPXUn15Pr\" width=\"600\" height=\"338\" frameborder=\"0\" marginwidth=\"0\" marginheight=\"0\" scrolling=\"no\"><\/iframe>\n<\/div><\/figure>\n\n\n\n<figure class=\"wp-block-embed is-type-wp-embed is-provider-filozofski-fakultet-sveu-ili-ta-u-zagrebu wp-block-embed-filozofski-fakultet-sveu-ili-ta-u-zagrebu\"><div class=\"wp-block-embed__wrapper\">\n<blockquote class=\"wp-embedded-content\" data-secret=\"5jq1QuIhT8\"><a href=\"https:\/\/web2020.ffzg.unizg.hr\/blog\/2025\/05\/05\/poziv-na-medunarodni-znanstveni-skup-poceci-kraljevstva-splitski-crkveni-sabori-tomislav-i-njegovo-doba-o-1100-obljetnici\/\">Poziv na me\u0111unarodni znanstveni skup &#8220;Po\u010deci Kraljevstva: Splitski crkveni sabori, Tomislav i njegovo doba o 1100. obljetnici&#8221;<\/a><\/blockquote><iframe loading=\"lazy\" class=\"wp-embedded-content\" sandbox=\"allow-scripts\" security=\"restricted\" style=\"position: absolute; visibility: hidden;\" title=\"&#8220;Poziv na me\u0111unarodni znanstveni skup &#8220;Po\u010deci Kraljevstva: Splitski crkveni sabori, Tomislav i njegovo doba o 1100. obljetnici&#8221;&#8221; &#8212; Filozofski fakultet Sveu\u010dili\u0161ta u Zagrebu\" src=\"https:\/\/web2020.ffzg.unizg.hr\/blog\/2025\/05\/05\/poziv-na-medunarodni-znanstveni-skup-poceci-kraljevstva-splitski-crkveni-sabori-tomislav-i-njegovo-doba-o-1100-obljetnici\/embed\/#?secret=5jq1QuIhT8\" data-secret=\"5jq1QuIhT8\" width=\"600\" height=\"338\" frameborder=\"0\" marginwidth=\"0\" marginheight=\"0\" scrolling=\"no\"><\/iframe>\n<\/div><\/figure>\n\n\n\n<hr class=\"wp-block-separator has-alpha-channel-opacity\"\/>\n\n\n\n<p><\/p>\n","protected":false},"excerpt":{"rendered":"","protected":false},"author":2,"featured_media":46220,"comment_status":"open","ping_status":"open","sticky":false,"template":"","format":"standard","meta":{"_acf_changed":false,"jetpack_post_was_ever_published":false,"_jetpack_newsletter_access":"","_jetpack_dont_email_post_to_subs":false,"_jetpack_newsletter_tier_id":0,"_jetpack_memberships_contains_paywalled_content":false,"_jetpack_memberships_contains_paid_content":false,"footnotes":"","jetpack_publicize_message":"","jetpack_publicize_feature_enabled":true,"jetpack_social_post_already_shared":true,"jetpack_social_options":{"image_generator_settings":{"template":"highway","default_image_id":0,"font":"","enabled":false},"version":2}},"categories":[3,9],"tags":[],"class_list":["post-46219","post","type-post","status-publish","format-standard","has-post-thumbnail","hentry","category-novosti","category-skupovi"],"acf":{"facebook_opis":""},"jetpack_publicize_connections":[],"jetpack_featured_media_url":"https:\/\/i0.wp.com\/historiografija.hr\/wp-content\/uploads\/2025\/05\/pocetci-kraljevstva.png?fit=826%2C365&ssl=1","jetpack_sharing_enabled":true,"jetpack-related-posts":[],"_links":{"self":[{"href":"https:\/\/historiografija.hr\/index.php?rest_route=\/wp\/v2\/posts\/46219","targetHints":{"allow":["GET"]}}],"collection":[{"href":"https:\/\/historiografija.hr\/index.php?rest_route=\/wp\/v2\/posts"}],"about":[{"href":"https:\/\/historiografija.hr\/index.php?rest_route=\/wp\/v2\/types\/post"}],"author":[{"embeddable":true,"href":"https:\/\/historiografija.hr\/index.php?rest_route=\/wp\/v2\/users\/2"}],"replies":[{"embeddable":true,"href":"https:\/\/historiografija.hr\/index.php?rest_route=%2Fwp%2Fv2%2Fcomments&post=46219"}],"version-history":[{"count":3,"href":"https:\/\/historiografija.hr\/index.php?rest_route=\/wp\/v2\/posts\/46219\/revisions"}],"predecessor-version":[{"id":46289,"href":"https:\/\/historiografija.hr\/index.php?rest_route=\/wp\/v2\/posts\/46219\/revisions\/46289"}],"wp:featuredmedia":[{"embeddable":true,"href":"https:\/\/historiografija.hr\/index.php?rest_route=\/wp\/v2\/media\/46220"}],"wp:attachment":[{"href":"https:\/\/historiografija.hr\/index.php?rest_route=%2Fwp%2Fv2%2Fmedia&parent=46219"}],"wp:term":[{"taxonomy":"category","embeddable":true,"href":"https:\/\/historiografija.hr\/index.php?rest_route=%2Fwp%2Fv2%2Fcategories&post=46219"},{"taxonomy":"post_tag","embeddable":true,"href":"https:\/\/historiografija.hr\/index.php?rest_route=%2Fwp%2Fv2%2Ftags&post=46219"}],"curies":[{"name":"wp","href":"https:\/\/api.w.org\/{rel}","templated":true}]}}