{"id":46216,"date":"2025-05-02T21:52:43","date_gmt":"2025-05-02T21:52:43","guid":{"rendered":"https:\/\/historiografija.hr\/?p=46216"},"modified":"2025-05-02T21:52:43","modified_gmt":"2025-05-02T21:52:43","slug":"proljetna-skola-hpkz-a-1100-godina-hrvatskoga-kraljevstva-ponosni-na-proslost-usmjereni-na-buducnost","status":"publish","type":"post","link":"https:\/\/historiografija.hr\/?p=46216","title":{"rendered":"Proljetna \u0161kola HPKZ-a \u201e1100 godina Hrvatskoga Kraljevstva: Ponosni na pro\u0161lost &#8211; usmjereni na budu\u0107nost\u201c"},"content":{"rendered":"\n<p><strong>Hrvatski pedago\u0161ko-knji\u017eevni zbor<\/strong> u suradnji s <strong>Agencijom za odgoj i obrazovanje<\/strong> poziva na <strong>stru\u010dno-znanstveni skup<\/strong>, <strong>Proljetnu \u0161kolu Hrvatskoga pedago\u0161ko-knji\u017eevnoga zbora<\/strong> <strong>na temu<\/strong> <strong>PONOSNI NA PRO\u0160LOST \u2013 USMJERENI NA BUDU\u0106NOST<\/strong>.<\/p>\n\n\n\n<p>Hrvatski pedago\u0161ko-knji\u017eevni zbor, najstarija udruga u podru\u010dju odgoja i obrazovanja&nbsp; s tradicijom duljom od 150 godina,&nbsp; i ove godine organizira <strong>stru\u010dno-znanstveni skup<\/strong>, <strong>Proljetnu \u0161kolu u\u010ditelja i odgojitelja <\/strong>te na taj na\u010din aktualizira teme zna\u010dajne za razvoj odgojno-obrazovnog sustava u Republici Hrvatskoj.<\/p>\n\n\n\n<p><strong>Stru\u010dno-znanstveni skup<\/strong> odr\u017eat \u0107e se <strong>od 5. do 7. svibnja 2025<\/strong>. u Amadria Park Grand Hotelu 4 Opatijska Cvijeta u Opatiji.<\/p>\n\n\n\n<p>Skup je namijenjen odgojiteljima u pred\u0161kolskim ustanovama, u\u010diteljima, nastavnicima, stru\u010dnim suradnicima i ravnateljima vrti\u0107a, osnovnih i srednjih \u0161kola, u\u010deni\u010dkih domova te predstavnicima osniva\u010da odgojno-obrazovnih ustanova.<\/p>\n\n\n\n<p><strong>Pozvani predava\u010di:<\/strong><\/p>\n\n\n\n<p><em>dr. sc.<strong> Tomislav Galovi\u0107<\/strong><\/em>, <em>izv. prof., <\/em>Filozofski fakultet Sveu\u010dili\u0161ta u Zagrebu, <strong>Po\u010deci Hrvatskoga Kraljevstva \u2013 o 1100. obljetnici: povijesni izvori, historiografija, kontekstualizacija<\/strong><\/p>\n\n\n\n<p><em>dr. sc. <strong>Antonia Pulji\u0107<\/strong>, dr. med. specijalist psihijatrije<\/em>, KBC Sestre milosrdnice,<strong>Djeca alkoholi\u010dara i ovisnika<\/strong><\/p>\n\n\n\n<p><em>izv. prof. dr. sc. <strong>Irena Sever Globan<\/strong><\/em>, Odjel za komunikologiju Hrvatskog katoli\u010dkog sveu\u010dili\u0161ta, <strong>Vje\u0161tine asertivno-empatijskog komuniciranja kao dio medijske pismenosti<\/strong><\/p>\n\n\n\n<p><strong><em>Tomislav Ramljak<\/em><\/strong>, dipl. socijalni radnik, voditelj Centra za nestalu i zlostavljanu djecu i Centra za sigurniji Internet, stalni sudski vje\u0161tak za za\u0161titu djece na internetu<\/p>\n\n\n\n<p><em>prof. dr. sc.<\/em> <strong><em>Tamara Gazdi\u0107-Aleri\u0107<\/em><\/strong>, U\u010diteljski fakultet Sveu\u010dili\u0161ta u Zagrebu, <strong>Jezi\u010dna kultura<\/strong><\/p>\n\n\n\n<p><strong>Marija Barili\u0107<\/strong>, dipl. iur., Akademija socijalnog rada,<strong> Uloga i zna\u010daj Akademije socijalne skrbi u osna\u017eivanju stru\u010dnjaka<\/strong><\/p>\n\n\n\n<p><em>mr. sc.<\/em><strong> <em>Antonija Gladovi\u0107<\/em><\/strong>, Agencija za mobilnost i programe EU, <strong>Mobilnost, suradnja i europski projekti<\/strong><\/p>\n\n\n\n<p>Uz pozvana predavanja, odr\u017eat \u0107e se i <strong>dva panela:<\/strong><\/p>\n\n\n\n<p><strong>panel na temu\u00a0PONOSNI NA PRO\u0160LOST<\/strong><\/p>\n\n\n\n<p>moderatorica dr. sc. <strong>Sanja Juri\u0107<\/strong>, Filozofski fakultet Sveu\u010dili\u0161ta u Zagrebu<\/p>\n\n\n\n<ul class=\"wp-block-list\">\n<li><em>prof. dr. sc<\/em>. <strong><em>Nevio \u0160eti\u0107<\/em>, <\/strong>Sveu\u010dili\u0161te Jurja Dobrile u Puli<\/li>\n\n\n\n<li><em>prof. dr. sc. <strong>Marko Aleri\u0107, <\/strong><\/em>Filozofski fakultet Sveu\u010dili\u0161ta u Zagrebu<\/li>\n\n\n\n<li><em>dr. sc.<strong> Ante \u017du\u017eul, <\/strong><\/em>\u0160kolska knjiga<\/li>\n\n\n\n<li><em>izv. prof. dr. sc.<strong> Tomislav Galovi\u0107<\/strong><\/em>, Filozofski fakultet Sveu\u010dili\u0161ta u Zagrebu<\/li>\n<\/ul>\n\n\n\n<p><strong>panel na temu USMJERENI &nbsp;NA BUDU\u0106NOST<\/strong> na kojem \u0107e sudjelovati:<\/p>\n\n\n\n<p>moderatorica dr. sc. <strong>Sanja Juri\u0107<\/strong>, Filozofski fakultet Sveu\u010dili\u0161ta u Zagrebu<\/p>\n\n\n\n<ul class=\"wp-block-list\">\n<li><em>mr. sc<\/em>.<strong> <em>Antonija Gladovi\u0107<\/em>, <\/strong>Agencija za mobilnost i programe EU<\/li>\n\n\n\n<li><strong>Marija Barili\u0107<\/strong>, dipl. iur., \u00a0Akademija socijalnog rada<\/li>\n\n\n\n<li><em>izv. prof. dr. sc.<strong> Vesna Budinski, <\/strong><\/em>U\u010diteljski fakultet Sveu\u010dili\u0161ta u Zagrebu<\/li>\n\n\n\n<li><em>izv. prof. dr. sc. <strong>Mario Bai\u0107<\/strong>, <\/em>Kineziolo\u0161ki fakultet Sveu\u010dili\u0161ta u Zagrebu<\/li>\n<\/ul>\n\n\n\n<p>Pozivamo vas da se primjerima prakse iz svojih odgojno-obrazovnih ustanova uklju\u010dite u rad Proljetne&nbsp; \u0161kole HPKZ-a.<\/p>\n\n\n\n<p>Organizacijski odbor Proljetne \u0161kole pregledao je sve prispjele primjere prakse te one prihva\u0107ene uvrstio u Program Proljetne \u0161kole.<\/p>\n\n\n\n<p>Program mo\u017eete preuzeti <a href=\"https:\/\/drive.google.com\/file\/d\/1xAM6yOOl_DaaNWJ04jllnzMuXFnegHhi\/view?usp=sharing\">ovdje<\/a>.<\/p>\n\n\n\n<hr class=\"wp-block-separator has-alpha-channel-opacity\"\/>\n\n\n\n<p>Izvor:<\/p>\n\n\n\n<figure class=\"wp-block-embed is-type-wp-embed is-provider-hrvatski-pedago-ko-knji-evni-zbor wp-block-embed-hrvatski-pedago-ko-knji-evni-zbor\"><div class=\"wp-block-embed__wrapper\">\n<blockquote class=\"wp-embedded-content\" data-secret=\"y8LFIqVnNr\"><a href=\"https:\/\/hpkz.hr\/proljetna-skola-2025\/\">Proljetna \u0161kola 2025.<\/a><\/blockquote><iframe loading=\"lazy\" class=\"wp-embedded-content\" sandbox=\"allow-scripts\" security=\"restricted\" style=\"position: absolute; visibility: hidden;\" title=\"&#8220;Proljetna \u0161kola 2025.&#8221; &#8212; Hrvatski pedago\u0161ko-knji\u017eevni zbor\" src=\"https:\/\/hpkz.hr\/proljetna-skola-2025\/embed\/#?secret=akBxyb4hwM#?secret=y8LFIqVnNr\" data-secret=\"y8LFIqVnNr\" width=\"600\" height=\"338\" frameborder=\"0\" marginwidth=\"0\" marginheight=\"0\" scrolling=\"no\"><\/iframe>\n<\/div><\/figure>\n\n\n\n<figure class=\"wp-block-embed is-type-wp-embed is-provider-hrvatski-pedago-ko-knji-evni-zbor wp-block-embed-hrvatski-pedago-ko-knji-evni-zbor\"><div class=\"wp-block-embed__wrapper\">\n<blockquote class=\"wp-embedded-content\" data-secret=\"wqoraWsCOk\"><a href=\"https:\/\/hpkz.hr\/program-strucno-znanstvenog-skupa-proljetne-skole-2025\/\">Program stru\u010dno-znanstvenog skupa Proljetne \u0161kole 2025.<\/a><\/blockquote><iframe loading=\"lazy\" class=\"wp-embedded-content\" sandbox=\"allow-scripts\" security=\"restricted\" style=\"position: absolute; visibility: hidden;\" title=\"&#8220;Program stru\u010dno-znanstvenog skupa Proljetne \u0161kole 2025.&#8221; &#8212; Hrvatski pedago\u0161ko-knji\u017eevni zbor\" src=\"https:\/\/hpkz.hr\/program-strucno-znanstvenog-skupa-proljetne-skole-2025\/embed\/#?secret=osZboYXnzl#?secret=wqoraWsCOk\" data-secret=\"wqoraWsCOk\" width=\"600\" height=\"338\" frameborder=\"0\" marginwidth=\"0\" marginheight=\"0\" scrolling=\"no\"><\/iframe>\n<\/div><\/figure>\n\n\n\n<hr class=\"wp-block-separator has-alpha-channel-opacity\"\/>\n","protected":false},"excerpt":{"rendered":"","protected":false},"author":2,"featured_media":46217,"comment_status":"open","ping_status":"open","sticky":false,"template":"","format":"standard","meta":{"_acf_changed":false,"jetpack_post_was_ever_published":false,"_jetpack_newsletter_access":"","_jetpack_dont_email_post_to_subs":false,"_jetpack_newsletter_tier_id":0,"_jetpack_memberships_contains_paywalled_content":false,"_jetpack_memberships_contains_paid_content":false,"footnotes":"","jetpack_publicize_message":"","jetpack_publicize_feature_enabled":true,"jetpack_social_post_already_shared":true,"jetpack_social_options":{"image_generator_settings":{"template":"highway","default_image_id":0,"font":"","enabled":false},"version":2}},"categories":[3,9],"tags":[],"class_list":["post-46216","post","type-post","status-publish","format-standard","has-post-thumbnail","hentry","category-novosti","category-skupovi"],"acf":{"facebook_opis":""},"jetpack_publicize_connections":[],"jetpack_featured_media_url":"https:\/\/i0.wp.com\/historiografija.hr\/wp-content\/uploads\/2025\/05\/Proljetna-skola.jpg?fit=1638%2C2048&ssl=1","jetpack_sharing_enabled":true,"jetpack-related-posts":[],"_links":{"self":[{"href":"https:\/\/historiografija.hr\/index.php?rest_route=\/wp\/v2\/posts\/46216","targetHints":{"allow":["GET"]}}],"collection":[{"href":"https:\/\/historiografija.hr\/index.php?rest_route=\/wp\/v2\/posts"}],"about":[{"href":"https:\/\/historiografija.hr\/index.php?rest_route=\/wp\/v2\/types\/post"}],"author":[{"embeddable":true,"href":"https:\/\/historiografija.hr\/index.php?rest_route=\/wp\/v2\/users\/2"}],"replies":[{"embeddable":true,"href":"https:\/\/historiografija.hr\/index.php?rest_route=%2Fwp%2Fv2%2Fcomments&post=46216"}],"version-history":[{"count":1,"href":"https:\/\/historiografija.hr\/index.php?rest_route=\/wp\/v2\/posts\/46216\/revisions"}],"predecessor-version":[{"id":46218,"href":"https:\/\/historiografija.hr\/index.php?rest_route=\/wp\/v2\/posts\/46216\/revisions\/46218"}],"wp:featuredmedia":[{"embeddable":true,"href":"https:\/\/historiografija.hr\/index.php?rest_route=\/wp\/v2\/media\/46217"}],"wp:attachment":[{"href":"https:\/\/historiografija.hr\/index.php?rest_route=%2Fwp%2Fv2%2Fmedia&parent=46216"}],"wp:term":[{"taxonomy":"category","embeddable":true,"href":"https:\/\/historiografija.hr\/index.php?rest_route=%2Fwp%2Fv2%2Fcategories&post=46216"},{"taxonomy":"post_tag","embeddable":true,"href":"https:\/\/historiografija.hr\/index.php?rest_route=%2Fwp%2Fv2%2Ftags&post=46216"}],"curies":[{"name":"wp","href":"https:\/\/api.w.org\/{rel}","templated":true}]}}