{"id":46186,"date":"2025-05-01T17:33:23","date_gmt":"2025-05-01T17:33:23","guid":{"rendered":"https:\/\/historiografija.hr\/?p=46186"},"modified":"2025-05-01T17:37:04","modified_gmt":"2025-05-01T17:37:04","slug":"odrzano-predavanje-tine-filipovic-cuvari-revolucije-uloga-partizanskih-boraca-u-oblikovanju-poslijeratnog-drustva-u-puli","status":"publish","type":"post","link":"https:\/\/historiografija.hr\/?p=46186","title":{"rendered":"Odr\u017eano predavanje Tine Filipovi\u0107 \u201e\u010cuvari revolucije: uloga partizanskih boraca u oblikovanju poslijeratnog dru\u0161tva\u201c u Puli"},"content":{"rendered":"\n<p>Odsjek za povijest Filozofskog fakulteta Sveu\u010dili\u0161ta Jurja Dobrile u Puli povodom tridesete godi\u0161njice djelovanja provodi u suradnji s Gradskom knji\u017enicom i \u010ditaonicom Pula ciklus javnih predavanja u kojem njegovi profesori i suradnici izla\u017eu o temama kojima se bave u svom znanstvenom i nastavnom radu. U ponedjeljak, 28. travnja, u 18 sati u Gradskoj knji\u017enici i \u010ditaonici Pula Tina Filipovi\u0107 odr\u017eat \u0107e predavanje \u201e\u010cuvari revolucije: uloga partizanskih boraca u oblikovanju poslijeratnog dru\u0161tva\u201c.<\/p>\n\n\n\n<p>U desetlje\u0107ima nakon Drugog svjetskog rata partizanski su veterani okupljeni u Savez udru\u017eenja boraca narodnooslobodila\u010dkog rata (SUBNOR) ostali utjecajni akteri u oblikovanju jugoslavenskog dru\u0161tva. Tijekom 1970-ih i 1980-ih godina njihova uloga nije bila samo simboli\u010dka \u2013 aktivno su sudjelovali u lokalnoj politici, kulturi, sustavu socijalne skrbi i obrazovanju te u ja\u010danju javne sigurnosti. Kroz kritike, prijedloge i pritiske nastojali su mijenjati nepo\u017eeljne dru\u0161tvene obrasce i usmjeravati razvoj zajednice prema idealima proiza\u0161lima iz sudjelovanja u narodnooslobodila\u010dkoj borbi. U predavanju \u0107e se na primjerima iz istarske sredine analizirati kako su i od \u010dega borci nastojali za\u0161tititi vrijednosti socijalisti\u010dke revolucije te koliko su u tome bili uspje\u0161ni.<\/p>\n\n\n\n<p>Tina Filipovi\u0107 je suradnica na znanstvenom projektu Europskog znanstvenog vije\u0107a (ERC) Social Politics in European Borderlands koji se izvodi na Europskom sveu\u010dili\u0161nom institutu u Firenci. Od 2019. do 2023. bila je asistentica na Odsjeku za povijest na Filozofskom fakultetu u Puli i u Centru za kulturna i povijesna istra\u017eivanja socijalizma preko projekta Mikrosocijalizam i Projekta razvoja karijera mladih istra\u017eiva\u010da (HRZZ). Doktorski studij Moderne i suvremene hrvatske povijesti u europskom i svjetskom kontekstu zavr\u0161ava ovog mjeseca u Zagrebu. Bavi se temama suvremene veteranske povijesti, kulture sje\u0107anja, lokalne povijesti i granicama.<\/p>\n\n\n\n<figure class=\"wp-block-image size-full is-resized\"><img data-recalc-dims=\"1\" loading=\"lazy\" decoding=\"async\" width=\"800\" height=\"450\" data-attachment-id=\"46190\" data-permalink=\"https:\/\/historiografija.hr\/?attachment_id=46190\" data-orig-file=\"https:\/\/i0.wp.com\/historiografija.hr\/wp-content\/uploads\/2025\/05\/Cuvari-revolucije.jpg?fit=800%2C450&amp;ssl=1\" data-orig-size=\"800,450\" data-comments-opened=\"1\" data-image-meta=\"{&quot;aperture&quot;:&quot;0&quot;,&quot;credit&quot;:&quot;&quot;,&quot;camera&quot;:&quot;&quot;,&quot;caption&quot;:&quot;&quot;,&quot;created_timestamp&quot;:&quot;0&quot;,&quot;copyright&quot;:&quot;&quot;,&quot;focal_length&quot;:&quot;0&quot;,&quot;iso&quot;:&quot;0&quot;,&quot;shutter_speed&quot;:&quot;0&quot;,&quot;title&quot;:&quot;&quot;,&quot;orientation&quot;:&quot;0&quot;}\" data-image-title=\"\u010cuvari revolucije\" data-image-description=\"\" data-image-caption=\"\" data-large-file=\"https:\/\/i0.wp.com\/historiografija.hr\/wp-content\/uploads\/2025\/05\/Cuvari-revolucije.jpg?fit=800%2C450&amp;ssl=1\" src=\"https:\/\/i0.wp.com\/historiografija.hr\/wp-content\/uploads\/2025\/05\/Cuvari-revolucije.jpg?resize=800%2C450&#038;ssl=1\" alt=\"\" class=\"wp-image-46190\" style=\"width:583px;height:auto\" srcset=\"https:\/\/i0.wp.com\/historiografija.hr\/wp-content\/uploads\/2025\/05\/Cuvari-revolucije.jpg?w=800&amp;ssl=1 800w, https:\/\/i0.wp.com\/historiografija.hr\/wp-content\/uploads\/2025\/05\/Cuvari-revolucije.jpg?resize=300%2C169&amp;ssl=1 300w, https:\/\/i0.wp.com\/historiografija.hr\/wp-content\/uploads\/2025\/05\/Cuvari-revolucije.jpg?resize=768%2C432&amp;ssl=1 768w\" sizes=\"auto, (max-width: 800px) 100vw, 800px\" \/><\/figure>\n\n\n\n<hr class=\"wp-block-separator has-alpha-channel-opacity\"\/>\n\n\n\n<p>Izvor:<\/p>\n\n\n\n<p><a href=\"https:\/\/ffpu.unipu.hr\/ffpu\/povijest\/obavijesti?@=2flgd#news_124409\">https:\/\/ffpu.unipu.hr\/ffpu\/povijest\/obavijesti?@=2flgd#news_124409<\/a><\/p>\n\n\n\n<hr class=\"wp-block-separator has-alpha-channel-opacity\"\/>\n","protected":false},"excerpt":{"rendered":"","protected":false},"author":2,"featured_media":46193,"comment_status":"open","ping_status":"open","sticky":false,"template":"","format":"standard","meta":{"_acf_changed":false,"jetpack_post_was_ever_published":false,"_jetpack_newsletter_access":"","_jetpack_dont_email_post_to_subs":false,"_jetpack_newsletter_tier_id":0,"_jetpack_memberships_contains_paywalled_content":false,"_jetpack_memberships_contains_paid_content":false,"footnotes":"","jetpack_publicize_message":"","jetpack_publicize_feature_enabled":true,"jetpack_social_post_already_shared":true,"jetpack_social_options":{"image_generator_settings":{"template":"highway","default_image_id":0,"font":"","enabled":false},"version":2}},"categories":[3],"tags":[],"class_list":["post-46186","post","type-post","status-publish","format-standard","has-post-thumbnail","hentry","category-novosti"],"acf":{"facebook_opis":""},"jetpack_publicize_connections":[],"jetpack_featured_media_url":"https:\/\/i0.wp.com\/historiografija.hr\/wp-content\/uploads\/2025\/05\/Tina_Filipovic_predavanje.jpg?fit=2048%2C1032&ssl=1","jetpack_sharing_enabled":true,"jetpack-related-posts":[],"_links":{"self":[{"href":"https:\/\/historiografija.hr\/index.php?rest_route=\/wp\/v2\/posts\/46186","targetHints":{"allow":["GET"]}}],"collection":[{"href":"https:\/\/historiografija.hr\/index.php?rest_route=\/wp\/v2\/posts"}],"about":[{"href":"https:\/\/historiografija.hr\/index.php?rest_route=\/wp\/v2\/types\/post"}],"author":[{"embeddable":true,"href":"https:\/\/historiografija.hr\/index.php?rest_route=\/wp\/v2\/users\/2"}],"replies":[{"embeddable":true,"href":"https:\/\/historiografija.hr\/index.php?rest_route=%2Fwp%2Fv2%2Fcomments&post=46186"}],"version-history":[{"count":4,"href":"https:\/\/historiografija.hr\/index.php?rest_route=\/wp\/v2\/posts\/46186\/revisions"}],"predecessor-version":[{"id":46192,"href":"https:\/\/historiografija.hr\/index.php?rest_route=\/wp\/v2\/posts\/46186\/revisions\/46192"}],"wp:featuredmedia":[{"embeddable":true,"href":"https:\/\/historiografija.hr\/index.php?rest_route=\/wp\/v2\/media\/46193"}],"wp:attachment":[{"href":"https:\/\/historiografija.hr\/index.php?rest_route=%2Fwp%2Fv2%2Fmedia&parent=46186"}],"wp:term":[{"taxonomy":"category","embeddable":true,"href":"https:\/\/historiografija.hr\/index.php?rest_route=%2Fwp%2Fv2%2Fcategories&post=46186"},{"taxonomy":"post_tag","embeddable":true,"href":"https:\/\/historiografija.hr\/index.php?rest_route=%2Fwp%2Fv2%2Ftags&post=46186"}],"curies":[{"name":"wp","href":"https:\/\/api.w.org\/{rel}","templated":true}]}}