{"id":46171,"date":"2025-05-01T17:08:26","date_gmt":"2025-05-01T17:08:26","guid":{"rendered":"https:\/\/historiografija.hr\/?p=46171"},"modified":"2025-05-01T17:25:50","modified_gmt":"2025-05-01T17:25:50","slug":"okrugli-stol-drugi-svjetski-rat-osamdeset-godina-poslije","status":"publish","type":"post","link":"https:\/\/historiografija.hr\/?p=46171","title":{"rendered":"Okrugli stol \u201eDrugi svjetski rat: Osamdeset godina poslije\u201c"},"content":{"rendered":"\n<p>Savez antifa\u0161isti\u010dkih boraca i antifa\u0161ista Republike Hrvatske te Grad Zagreb imaju \u010dast pozvati Vas na Okrugli stol \u201eDrugi svjetski rat: Osamdeset godina poslije\u201c u povodu obilje\u017eavanja 80. obljetnice Dana pobjede nad fa\u0161izmom i Dana oslobo\u0111enja Zagreba. Doga\u0111anje \u0107e se odr\u017eati u ponedjeljak, 5. svibnja 2025. u 11:00 sati (dvorana Muzeja Grada Zagreba, Opati\u010dka ulica 20, Zagreb). Molimo Vas da svoj dolazak potvrdite do petka, 2. svibnja 2025. na e-mail: sabh@sabh.hr ili broj telefona: 01\/4839996.<\/p>\n\n\n\n<hr class=\"wp-block-separator has-alpha-channel-opacity\"\/>\n\n\n\n<p>Program Okruglog stola:<\/p>\n\n\n\n<p><br>Pozdravni govori:<\/p>\n\n\n\n<ul class=\"wp-block-list\">\n<li>g. Franjo Habulin, predsjednik SABA RH,<\/li>\n\n\n\n<li>dr. sc. Aleksandra Berberih Slana, ravnateljica Muzeja Grada Zagreba,<\/li>\n\n\n\n<li>Nj. E. g. Simon Thomas, veleposlanik Ujedinjene Kraljevine Velike Britanije i Sj. Irske u RH,<\/li>\n\n\n\n<li>Nj. E. g. Christian Hellbach, veleposlanik Savezne Republike Njema\u010dke u RH,<\/li>\n\n\n\n<li>Nj. E. g. Fabien Fieschi, veleposlanik Francuske Republike u RH,<\/li>\n\n\n\n<li>dr. sc. Lora Vidovi\u0107, izaslanica gradona\u010delnika Grada Zagreba i pro\u010delnica Gradskog ureda<br>za socijalnu za\u0161titu, zdravstvo, branitelje i osobe s invaliditetom Grada Zagreba.<\/li>\n<\/ul>\n\n\n\n<p>Panelisti:<\/p>\n\n\n\n<ul class=\"wp-block-list\">\n<li>prof. dr. sc. Tvrtko Jakovina, moderator<\/li>\n<\/ul>\n\n\n\n<ul class=\"wp-block-list\">\n<li>prof. dr. sc. Ivo Goldstein<\/li>\n<\/ul>\n\n\n\n<ul class=\"wp-block-list\">\n<li>prof. dr. sc. Hrvoje Klasi\u0107<\/li>\n<\/ul>\n\n\n\n<ul class=\"wp-block-list\">\n<li>doc. dr. sc. Goran Hutinec <\/li>\n<\/ul>\n\n\n\n<ul class=\"wp-block-list\">\n<li>dr. sc. Nata\u0161a Matau\u0161i\u0107<\/li>\n<\/ul>\n\n\n\n<p><\/p>\n\n\n\n<ul class=\"wp-block-list\">\n<li>mr. sc. Vojko Obersnel<\/li>\n<\/ul>\n\n\n\n<hr class=\"wp-block-separator has-alpha-channel-opacity\"\/>\n\n\n\n<div data-wp-interactive=\"core\/file\" class=\"wp-block-file\"><object data-wp-bind--hidden=\"!state.hasPdfPreview\" hidden class=\"wp-block-file__embed\" data=\"https:\/\/historiografija.hr\/wp-content\/uploads\/2025\/05\/Pozivnica_Okrugli-stol.pdf\" type=\"application\/pdf\" style=\"width:100%;height:600px\" aria-label=\"Ugra\u0111eno Pozivnica_Okrugli stol.\"><\/object><a id=\"wp-block-file--media-be089b1d-be41-484c-bc07-58e0f38615b4\" href=\"https:\/\/historiografija.hr\/wp-content\/uploads\/2025\/05\/Pozivnica_Okrugli-stol.pdf\">Pozivnica_Okrugli stol<\/a><a href=\"https:\/\/historiografija.hr\/wp-content\/uploads\/2025\/05\/Pozivnica_Okrugli-stol.pdf\" class=\"wp-block-file__button wp-element-button\" download aria-describedby=\"wp-block-file--media-be089b1d-be41-484c-bc07-58e0f38615b4\">Preuzmi<\/a><\/div>\n\n\n\n<hr class=\"wp-block-separator has-alpha-channel-opacity\"\/>\n\n\n\n<figure class=\"wp-block-image size-full is-resized\"><img data-recalc-dims=\"1\" loading=\"lazy\" decoding=\"async\" width=\"860\" height=\"699\" data-attachment-id=\"46172\" data-permalink=\"https:\/\/historiografija.hr\/?attachment_id=46172\" data-orig-file=\"https:\/\/i0.wp.com\/historiografija.hr\/wp-content\/uploads\/2025\/05\/Okrugli-stol.jpg?fit=988%2C803&amp;ssl=1\" data-orig-size=\"988,803\" data-comments-opened=\"1\" data-image-meta=\"{&quot;aperture&quot;:&quot;0&quot;,&quot;credit&quot;:&quot;&quot;,&quot;camera&quot;:&quot;&quot;,&quot;caption&quot;:&quot;&quot;,&quot;created_timestamp&quot;:&quot;0&quot;,&quot;copyright&quot;:&quot;&quot;,&quot;focal_length&quot;:&quot;0&quot;,&quot;iso&quot;:&quot;0&quot;,&quot;shutter_speed&quot;:&quot;0&quot;,&quot;title&quot;:&quot;&quot;,&quot;orientation&quot;:&quot;0&quot;}\" data-image-title=\"Okrugli stol\" data-image-description=\"\" data-image-caption=\"\" data-large-file=\"https:\/\/i0.wp.com\/historiografija.hr\/wp-content\/uploads\/2025\/05\/Okrugli-stol.jpg?fit=860%2C699&amp;ssl=1\" src=\"https:\/\/i0.wp.com\/historiografija.hr\/wp-content\/uploads\/2025\/05\/Okrugli-stol.jpg?resize=860%2C699&#038;ssl=1\" alt=\"\" class=\"wp-image-46172\" style=\"width:710px;height:auto\" srcset=\"https:\/\/i0.wp.com\/historiografija.hr\/wp-content\/uploads\/2025\/05\/Okrugli-stol.jpg?w=988&amp;ssl=1 988w, https:\/\/i0.wp.com\/historiografija.hr\/wp-content\/uploads\/2025\/05\/Okrugli-stol.jpg?resize=300%2C244&amp;ssl=1 300w, https:\/\/i0.wp.com\/historiografija.hr\/wp-content\/uploads\/2025\/05\/Okrugli-stol.jpg?resize=768%2C624&amp;ssl=1 768w\" sizes=\"auto, (max-width: 860px) 100vw, 860px\" \/><\/figure>\n\n\n\n<hr class=\"wp-block-separator has-alpha-channel-opacity\"\/>\n\n\n\n<p><\/p>\n","protected":false},"excerpt":{"rendered":"","protected":false},"author":2,"featured_media":46172,"comment_status":"open","ping_status":"open","sticky":false,"template":"","format":"standard","meta":{"_acf_changed":false,"jetpack_post_was_ever_published":false,"_jetpack_newsletter_access":"","_jetpack_dont_email_post_to_subs":false,"_jetpack_newsletter_tier_id":0,"_jetpack_memberships_contains_paywalled_content":false,"_jetpack_memberships_contains_paid_content":false,"footnotes":"","jetpack_publicize_message":"","jetpack_publicize_feature_enabled":true,"jetpack_social_post_already_shared":true,"jetpack_social_options":{"image_generator_settings":{"template":"highway","default_image_id":0,"font":"","enabled":false},"version":2}},"categories":[3],"tags":[],"class_list":["post-46171","post","type-post","status-publish","format-standard","has-post-thumbnail","hentry","category-novosti"],"acf":{"facebook_opis":""},"jetpack_publicize_connections":[],"jetpack_featured_media_url":"https:\/\/i0.wp.com\/historiografija.hr\/wp-content\/uploads\/2025\/05\/Okrugli-stol.jpg?fit=988%2C803&ssl=1","jetpack_sharing_enabled":true,"jetpack-related-posts":[],"_links":{"self":[{"href":"https:\/\/historiografija.hr\/index.php?rest_route=\/wp\/v2\/posts\/46171","targetHints":{"allow":["GET"]}}],"collection":[{"href":"https:\/\/historiografija.hr\/index.php?rest_route=\/wp\/v2\/posts"}],"about":[{"href":"https:\/\/historiografija.hr\/index.php?rest_route=\/wp\/v2\/types\/post"}],"author":[{"embeddable":true,"href":"https:\/\/historiografija.hr\/index.php?rest_route=\/wp\/v2\/users\/2"}],"replies":[{"embeddable":true,"href":"https:\/\/historiografija.hr\/index.php?rest_route=%2Fwp%2Fv2%2Fcomments&post=46171"}],"version-history":[{"count":12,"href":"https:\/\/historiografija.hr\/index.php?rest_route=\/wp\/v2\/posts\/46171\/revisions"}],"predecessor-version":[{"id":46185,"href":"https:\/\/historiografija.hr\/index.php?rest_route=\/wp\/v2\/posts\/46171\/revisions\/46185"}],"wp:featuredmedia":[{"embeddable":true,"href":"https:\/\/historiografija.hr\/index.php?rest_route=\/wp\/v2\/media\/46172"}],"wp:attachment":[{"href":"https:\/\/historiografija.hr\/index.php?rest_route=%2Fwp%2Fv2%2Fmedia&parent=46171"}],"wp:term":[{"taxonomy":"category","embeddable":true,"href":"https:\/\/historiografija.hr\/index.php?rest_route=%2Fwp%2Fv2%2Fcategories&post=46171"},{"taxonomy":"post_tag","embeddable":true,"href":"https:\/\/historiografija.hr\/index.php?rest_route=%2Fwp%2Fv2%2Ftags&post=46171"}],"curies":[{"name":"wp","href":"https:\/\/api.w.org\/{rel}","templated":true}]}}