{"id":46164,"date":"2025-05-01T16:45:37","date_gmt":"2025-05-01T16:45:37","guid":{"rendered":"https:\/\/historiografija.hr\/?p=46164"},"modified":"2025-05-01T16:45:37","modified_gmt":"2025-05-01T16:45:37","slug":"poziv-na-setnju-od-ideala-revolucionarka","status":"publish","type":"post","link":"https:\/\/historiografija.hr\/?p=46164","title":{"rendered":"Poziv na \u0161etnju \u201cOd ideala revolucionarka\u201d"},"content":{"rendered":"\n<p>Nastavljamo s aktivnostima na projektu \u201eTransgeneracijsko naslje\u0111e \u2013 Sigurni prostori za \u017eene\u201c jo\u0161 jednom <strong>\u0161etnjom \u201cOd ideala revolucionarka\u201d<\/strong> u izvedbi <a href=\"https:\/\/cuvaricevremena.eu\/\"><strong>\u010cuvarica vremena<\/strong><\/a>!<\/p>\n\n\n\n<p>\u0160etnja \u0107e se odr\u017eati <strong>u ponedjeljak, 12. svibnja 2025.<\/strong> s po\u010detkom <strong>u 18 sati<\/strong> u sklopu projekta <strong>\u201eTransgeneracijsko naslje\u0111e \u2013 Sigurni prostori za \u017eene\u201c<\/strong> koji provodi <strong>Centar za \u017eenske studije<\/strong> u partnerstvu s <strong>Etnografskim muzejom u Zagrebu<\/strong>.<\/p>\n\n\n\n<p>Iako je Zagorka jako puno pisala o Gornjem gradu, veliki je dio njezinog \u017eivota bio ipak vezan za Donji grad. Gdje se Zagorka \u0161kolovala i kakvo je bilo obrazovanje \u017eena u 19. stolje\u0107u? Gdje je \u017eivjela, a gdje radila? Gdje se dolazilo pro\u0161etati, vidjeti druge i biti vi\u0111en? U \u0161etnji pod nazivom \u201eOd ideala revolucionarka\u201c \u010cuvarice vremena vode vas u Donji grad, u svijet Zagorkinih ideala, ali i njezine stvarnosti, gdje \u0107ete \u010duti pone\u0161to i o Zagorkinim manje poznatim romanima, onima suvremene tematike u kojima vrlo otvoreno, vje\u0161to i kriti\u010dno opisuje svoje vlastito doba.<\/p>\n\n\n\n<p>Za \u0161etnju <strong>obavezna je prijava<\/strong> zbog ograni\u010denog broja osoba! Prilikom prijave saznat \u0107ete i mjesto polaska.<\/p>\n\n\n\n<p>Sudjelovanje u aktivnosti je <strong>besplatno<\/strong>.<\/p>\n\n\n\n<p><strong>Prijaviti se mo\u017eete na mail <a href=\"mailto:zagorka@zenstud.hr\">zagorka@zenstud.hr<\/a> ili SMS ili WhatsApp porukom na broj telefona 099 340 8840. Kontakt osoba je Ana Zbiljski.<\/strong><\/p>\n\n\n\n<p>Sam projekt <strong>\u201eTransgeneracijsko naslje\u0111e \u2013 Sigurni prostori za \u017eene\u201c<\/strong>&nbsp;nositelja projekta <a href=\"https:\/\/zenstud.hr\/\">Centra za \u017eenske studije<\/a> nastavlja se na pro\u0161logodi\u0161nji, uspje\u0161no provedeni program te aktualnu izlo\u017ebu \u201eIntimni prostori svakodnevice<strong>\u201c<\/strong> <a href=\"https:\/\/emz.hr\/\">Etnografskog muzeja u Zagrebu<\/a>, partnera na projektu. Projekt ima za cilj pove\u0107ati opseg javno dostupnih i kvalitetnih sadr\u017eaja u kulturi namijenjenih gra\u0111anstvu te aktivirati lokalnu zajednicu u gradskim \u010detvrtima donji i gornji grad u Zagrebu. Tematski i vrijednosno, cilj je otvoriti pitanja odnosa prema prostoru, opreci intimnog i javnog te prema transgeneracijskom naslje\u0111u s posebnim fokusom na \u017eensko naslje\u0111e i predaju. Fokus ovogodi\u0161njeg \u0107e program biti na sigurnim prostorima uz reinterpretaciju ratnog i poratnog naslje\u0111a te \u010desto zanemarene uloge \u017eena u istom. Posebno \u0107e se analizirati pitanje socijalnog aktiviteta u okviru tematike \u017eenske traume (slu\u010daj u Fo\u010di ili pak film <em>Ve\u0107e od traume<\/em>) kroz projekcije aktualnih filmova, dijalog s publikom te odr\u017eavanje tematskih radionica za gra\u0111anstvo. Za polaznike i gra\u0111anstvo, bit \u0107e organizirane i interaktivne kvartovske ture po Donjem gradu motivirane \u017eenskim naslje\u0111em i naslje\u0111em Marije Juri\u0107 Zagorke te odnosom aktivisti\u010dkog tretmana spram javnih, privatnih i intimnih prostora. Voditeljice aktivnosti su samostalne i nezavisne umjetnice.<\/p>\n\n\n\n<p>Program podupire Grad Zagreb<\/p>\n\n\n\n<hr class=\"wp-block-separator has-alpha-channel-opacity\"\/>\n\n\n\n<p>Izvor:<\/p>\n\n\n\n<figure class=\"wp-block-embed is-type-wp-embed is-provider-memorijalni-stan-marije-juri-zagorke wp-block-embed-memorijalni-stan-marije-juri-zagorke\"><div class=\"wp-block-embed__wrapper\">\n<blockquote class=\"wp-embedded-content\" data-secret=\"eSQrC8nVwB\"><a href=\"https:\/\/zagorka.net\/poziv-na-setnju-od-ideala-revolucionarka-cuvarica-vremena-2\/\">Poziv na \u0161etnju &#8220;Od ideala revolucionarka&#8221; \u010cuvarica vremena<\/a><\/blockquote><iframe loading=\"lazy\" class=\"wp-embedded-content\" sandbox=\"allow-scripts\" security=\"restricted\" style=\"position: absolute; visibility: hidden;\" title=\"&#8220;Poziv na \u0161etnju &#8220;Od ideala revolucionarka&#8221; \u010cuvarica vremena&#8221; &#8212; Memorijalni stan Marije Juri\u0107 Zagorke\" src=\"https:\/\/zagorka.net\/poziv-na-setnju-od-ideala-revolucionarka-cuvarica-vremena-2\/embed\/#?secret=eSQrC8nVwB\" data-secret=\"eSQrC8nVwB\" width=\"600\" height=\"338\" frameborder=\"0\" marginwidth=\"0\" marginheight=\"0\" scrolling=\"no\"><\/iframe>\n<\/div><\/figure>\n\n\n\n<hr class=\"wp-block-separator has-alpha-channel-opacity\"\/>\n","protected":false},"excerpt":{"rendered":"","protected":false},"author":2,"featured_media":46165,"comment_status":"open","ping_status":"open","sticky":false,"template":"","format":"standard","meta":{"_acf_changed":false,"jetpack_post_was_ever_published":false,"_jetpack_newsletter_access":"","_jetpack_dont_email_post_to_subs":false,"_jetpack_newsletter_tier_id":0,"_jetpack_memberships_contains_paywalled_content":false,"_jetpack_memberships_contains_paid_content":false,"footnotes":"","jetpack_publicize_message":"","jetpack_publicize_feature_enabled":true,"jetpack_social_post_already_shared":true,"jetpack_social_options":{"image_generator_settings":{"template":"highway","default_image_id":0,"font":"","enabled":false},"version":2}},"categories":[3],"tags":[],"class_list":["post-46164","post","type-post","status-publish","format-standard","has-post-thumbnail","hentry","category-novosti"],"acf":{"facebook_opis":""},"jetpack_publicize_connections":[],"jetpack_featured_media_url":"https:\/\/i0.wp.com\/historiografija.hr\/wp-content\/uploads\/2025\/05\/Od-ideala-revolucionarka.png?fit=1536%2C864&ssl=1","jetpack_sharing_enabled":true,"jetpack-related-posts":[],"_links":{"self":[{"href":"https:\/\/historiografija.hr\/index.php?rest_route=\/wp\/v2\/posts\/46164","targetHints":{"allow":["GET"]}}],"collection":[{"href":"https:\/\/historiografija.hr\/index.php?rest_route=\/wp\/v2\/posts"}],"about":[{"href":"https:\/\/historiografija.hr\/index.php?rest_route=\/wp\/v2\/types\/post"}],"author":[{"embeddable":true,"href":"https:\/\/historiografija.hr\/index.php?rest_route=\/wp\/v2\/users\/2"}],"replies":[{"embeddable":true,"href":"https:\/\/historiografija.hr\/index.php?rest_route=%2Fwp%2Fv2%2Fcomments&post=46164"}],"version-history":[{"count":1,"href":"https:\/\/historiografija.hr\/index.php?rest_route=\/wp\/v2\/posts\/46164\/revisions"}],"predecessor-version":[{"id":46166,"href":"https:\/\/historiografija.hr\/index.php?rest_route=\/wp\/v2\/posts\/46164\/revisions\/46166"}],"wp:featuredmedia":[{"embeddable":true,"href":"https:\/\/historiografija.hr\/index.php?rest_route=\/wp\/v2\/media\/46165"}],"wp:attachment":[{"href":"https:\/\/historiografija.hr\/index.php?rest_route=%2Fwp%2Fv2%2Fmedia&parent=46164"}],"wp:term":[{"taxonomy":"category","embeddable":true,"href":"https:\/\/historiografija.hr\/index.php?rest_route=%2Fwp%2Fv2%2Fcategories&post=46164"},{"taxonomy":"post_tag","embeddable":true,"href":"https:\/\/historiografija.hr\/index.php?rest_route=%2Fwp%2Fv2%2Ftags&post=46164"}],"curies":[{"name":"wp","href":"https:\/\/api.w.org\/{rel}","templated":true}]}}