{"id":46142,"date":"2025-05-01T15:10:29","date_gmt":"2025-05-01T15:10:29","guid":{"rendered":"https:\/\/historiografija.hr\/?p=46142"},"modified":"2025-05-01T15:11:45","modified_gmt":"2025-05-01T15:11:45","slug":"otvaranje-arhiva-nesvrstanih-u-svijet","status":"publish","type":"post","link":"https:\/\/historiografija.hr\/?p=46142","title":{"rendered":"Otvaranje Arhiva Nesvrstanih: U SVIJET"},"content":{"rendered":"\n<p><strong>Datum:<\/strong> Ponedjeljak, 5. svibnja 2025.<br><strong>Vrijeme:<\/strong> 17:00 sati (CET)<br><strong>Lokacija:<\/strong> Online putem Zooma<br><strong>Pristup:<\/strong> Besplatan i otvoren za sve<br><strong>Zoom link:<\/strong> <a href=\"https:\/\/us06web.zoom.us\/j\/7658973357?omn=82812199288\">Kliknite za pristup<\/a><br><strong>Jezik doga\u0111aja:<\/strong> Engleski<\/p>\n\n\n\n<p>Kulturna udruga <strong>Jutro<\/strong> vas poziva na online razgovor <strong>&#8220;Otvaranje Arhiva Nesvrstanih: U SVIJET&#8221;<\/strong>, koji \u0107e se odr\u017eati u ponedjeljak, 5. svibnja u 17 sati putem Zooma.<\/p>\n\n\n\n<p><strong>Arhiv Nesvrstanih<\/strong> je arhiv zajednice posve\u0107en istra\u017eivanju, o\u010duvanju i predstavljanju naslije\u0111a afri\u010dkih, azijskih i ameri\u010dkih dijaspora u Hrvatskoj. Ovaj doga\u0111aj pru\u017ea priliku za razgovor o samom arhivu, aktualnim istra\u017eivanjima i \u0161irim praksama o\u010duvanja kulturne ba\u0161tine u me\u0111unarodnom kontekstu.<\/p>\n\n\n\n<p><strong>&nbsp;Sudjeluju:<\/strong><\/p>\n\n\n\n<ul class=\"wp-block-list\">\n<li><strong>Rea Drvar<\/strong> (Arhiv Nesvrstanih \/ Muzej Prigorja)<\/li>\n\n\n\n<li><strong>Zainab Gaafar<\/strong> (Safeguarding Sudan&#8217;s Living Heritage)<\/li>\n\n\n\n<li><strong>Mutanu Kyany\u2019a<\/strong> (African Digital Heritage)<\/li>\n\n\n\n<li>Predstavnik\/ca <strong>Library of Africa and African Diaspora<\/strong> (Accra)<\/li>\n<\/ul>\n\n\n\n<p><strong>Moderira:<\/strong> Petra Mati\u0107<\/p>\n\n\n\n<p><strong>O govornicima:<\/strong><\/p>\n\n\n\n<ul class=\"wp-block-list\">\n<li><strong>Mutanu Kyany\u2019a<\/strong> djeluje na sjeci\u0161tu tehnologije, ba\u0161tine i zajednice. Kao voditeljica programa u African Digital Heritage predvodi inovativne projekte poput digitalizacije lokaliteta Gede, virtualne rekonstrukcije kazali\u0161ta Kamirithu i Talking Objects Archive \u2013 platforme koja dekolonizira odnos prema arhivu.<\/li>\n\n\n\n<li><strong>Rea Drvar<\/strong> je kulturna antropologinja i muzeologinja s interesom za migracije, identitet i izvedbene studije. Kuratorica je etnografskih zbirki u Muzeju Prigorja.<\/li>\n\n\n\n<li><strong>Zainab Gaafar<\/strong> je arhitektica i kustosica iz Khartouma. Vodi Studio Urban i radi na uspostavi muzeja u sklopu projekta <em>Safeguarding Sudan&#8217;s Living Heritage<\/em>, gdje istra\u017euje ulogu muzeja u kontekstu sukoba i zajedni\u010dkog \u010duvanja ba\u0161tine.<\/li>\n<\/ul>\n\n\n\n<p>Program se odr\u017eava uz podr\u0161ku <strong>Grada Zagreba<\/strong>, <strong>fondacije Moleskine<\/strong> i <strong>Zaklade Kultura Nova<\/strong>, u partnerstvu sa <strong>Subversive Film Festivalom<\/strong>.<br>Posebne zahvale: <strong>Vina \u0106ur\u010dija<\/strong> (dizajn), <strong>Dokukino KIC<\/strong> (podr\u0161ka).<\/p>\n\n\n\n<p>Facebook doga\u0111aj:<\/p>\n\n\n\n<p><a href=\"https:\/\/facebook.com\/events\/s\/opening-the-non-aligned-archiv\/649846764535477\">https:\/\/facebook.com\/events\/s\/opening-the-non-aligned-archiv\/649846764535477<\/a><\/p>\n\n\n\n<hr class=\"wp-block-separator has-alpha-channel-opacity\"\/>\n\n\n\n<p>Izvor i dodatne obavijesti:<\/p>\n\n\n\n<p><a href=\"https:\/\/arhivnesvrstanih.org\/hr\/aktivnosti\/otvaranje-arhiva-nesvrstanih-u-svijet-zoom-dogadaj\">https:\/\/arhivnesvrstanih.org\/hr\/aktivnosti\/otvaranje-arhiva-nesvrstanih-u-svijet-zoom-dogadaj<\/a><\/p>\n\n\n\n<p><a href=\"https:\/\/arhivnesvrstanih.org\">https:\/\/arhivnesvrstanih.org<\/a><\/p>\n\n\n\n<hr class=\"wp-block-separator has-alpha-channel-opacity\"\/>\n","protected":false},"excerpt":{"rendered":"","protected":false},"author":2,"featured_media":46143,"comment_status":"open","ping_status":"open","sticky":false,"template":"","format":"standard","meta":{"_acf_changed":false,"jetpack_post_was_ever_published":false,"_jetpack_newsletter_access":"","_jetpack_dont_email_post_to_subs":false,"_jetpack_newsletter_tier_id":0,"_jetpack_memberships_contains_paywalled_content":false,"_jetpack_memberships_contains_paid_content":false,"footnotes":"","jetpack_publicize_message":"","jetpack_publicize_feature_enabled":true,"jetpack_social_post_already_shared":true,"jetpack_social_options":{"image_generator_settings":{"template":"highway","default_image_id":0,"font":"","enabled":false},"version":2}},"categories":[3],"tags":[],"class_list":["post-46142","post","type-post","status-publish","format-standard","has-post-thumbnail","hentry","category-novosti"],"acf":{"facebook_opis":""},"jetpack_publicize_connections":[],"jetpack_featured_media_url":"https:\/\/i0.wp.com\/historiografija.hr\/wp-content\/uploads\/2025\/05\/Otvaranje_Arhiva.jpg?fit=960%2C432&ssl=1","jetpack_sharing_enabled":true,"jetpack-related-posts":[],"_links":{"self":[{"href":"https:\/\/historiografija.hr\/index.php?rest_route=\/wp\/v2\/posts\/46142","targetHints":{"allow":["GET"]}}],"collection":[{"href":"https:\/\/historiografija.hr\/index.php?rest_route=\/wp\/v2\/posts"}],"about":[{"href":"https:\/\/historiografija.hr\/index.php?rest_route=\/wp\/v2\/types\/post"}],"author":[{"embeddable":true,"href":"https:\/\/historiografija.hr\/index.php?rest_route=\/wp\/v2\/users\/2"}],"replies":[{"embeddable":true,"href":"https:\/\/historiografija.hr\/index.php?rest_route=%2Fwp%2Fv2%2Fcomments&post=46142"}],"version-history":[{"count":2,"href":"https:\/\/historiografija.hr\/index.php?rest_route=\/wp\/v2\/posts\/46142\/revisions"}],"predecessor-version":[{"id":46145,"href":"https:\/\/historiografija.hr\/index.php?rest_route=\/wp\/v2\/posts\/46142\/revisions\/46145"}],"wp:featuredmedia":[{"embeddable":true,"href":"https:\/\/historiografija.hr\/index.php?rest_route=\/wp\/v2\/media\/46143"}],"wp:attachment":[{"href":"https:\/\/historiografija.hr\/index.php?rest_route=%2Fwp%2Fv2%2Fmedia&parent=46142"}],"wp:term":[{"taxonomy":"category","embeddable":true,"href":"https:\/\/historiografija.hr\/index.php?rest_route=%2Fwp%2Fv2%2Fcategories&post=46142"},{"taxonomy":"post_tag","embeddable":true,"href":"https:\/\/historiografija.hr\/index.php?rest_route=%2Fwp%2Fv2%2Ftags&post=46142"}],"curies":[{"name":"wp","href":"https:\/\/api.w.org\/{rel}","templated":true}]}}