{"id":46135,"date":"2025-04-30T22:15:35","date_gmt":"2025-04-30T22:15:35","guid":{"rendered":"https:\/\/historiografija.hr\/?p=46135"},"modified":"2025-04-30T22:15:35","modified_gmt":"2025-04-30T22:15:35","slug":"poziv-za-prijavu-na-medunarodni-ljetni-kamp-za-mlade-youth-in-cold-war-europe-and-beyond","status":"publish","type":"post","link":"https:\/\/historiografija.hr\/?p=46135","title":{"rendered":"Poziv za prijavu na Me\u0111unarodni ljetni kamp za mlade &#8220;Youth in Cold-War Europe and beyond&#8221;"},"content":{"rendered":"\n<p>Otvoren je poziv za prijavu na me\u0111unarodni ljetni kamp &#8220;Youth in Cold-War Europe and beyond&#8221;, koji se odr\u017eava u Weimaru (Njema\u010dka) od 15. do 24. kolovoza 2025. godine. Me\u0111unarodni ljetni kamp okupit \u0107e sudionike iz Njema\u010dke, Portugala, \u010ce\u0161ke, Litve, Gr\u010dke i Hrvatske.<\/p>\n\n\n\n<p>Tra\u017ei se pet sudionika iz Hrvatske u dobnoj skupini 18 do 27 godina sa znanjem engleskog jezika (B2 ili vi\u0161e) te interesom za temu ljetnog kampa.&nbsp;<\/p>\n\n\n\n<p>Kamp se odr\u017eava u organizaciji Europskog centra za obrazovanje mladih (EJBW) iz Weimara i njegovih me\u0111unarodnih partnera, te uz financijsku podr\u0161ku Europske unije i Savezne Republike Njema\u010dke.&nbsp;<\/p>\n\n\n\n<p>Rok za prijavu zainteresiranih kandidata za sudjelovanje je 28. svibnja 2025. godine.<\/p>\n\n\n\n<p>Vi\u0161e informacija o Me\u0111unarodnom ljetnom kampu i na\u010dinu prijave prona\u0111ite na web stranici udruge Retrovizor: <\/p>\n\n\n\n<p><a href=\"https:\/\/retrovizor.hr\/call-for-application\/?fbclid=IwZXh0bgNhZW0CMTAAAR4ruTuQ5ajVh6X-I4NdFELLqs4mWpet0Dm-OkhkpOxZvjqwk5wth7oX-5RBSQ_aem_W-m_TLpTaWg8kZVqnef73g\" target=\"_blank\" rel=\"noreferrer noopener\">https:\/\/retrovizor.hr\/call-for-application\/<\/a><\/p>\n\n\n\n<hr class=\"wp-block-separator has-alpha-channel-opacity\"\/>\n","protected":false},"excerpt":{"rendered":"","protected":false},"author":2,"featured_media":46136,"comment_status":"open","ping_status":"open","sticky":false,"template":"","format":"standard","meta":{"_acf_changed":false,"jetpack_post_was_ever_published":false,"_jetpack_newsletter_access":"","_jetpack_dont_email_post_to_subs":false,"_jetpack_newsletter_tier_id":0,"_jetpack_memberships_contains_paywalled_content":false,"_jetpack_memberships_contains_paid_content":false,"footnotes":"","jetpack_publicize_message":"","jetpack_publicize_feature_enabled":true,"jetpack_social_post_already_shared":true,"jetpack_social_options":{"image_generator_settings":{"template":"highway","default_image_id":0,"font":"","enabled":false},"version":2}},"categories":[3],"tags":[],"class_list":["post-46135","post","type-post","status-publish","format-standard","has-post-thumbnail","hentry","category-novosti"],"acf":{"facebook_opis":""},"jetpack_publicize_connections":[],"jetpack_featured_media_url":"https:\/\/i0.wp.com\/historiografija.hr\/wp-content\/uploads\/2025\/04\/YiCWE.jpg?fit=667%2C375&ssl=1","jetpack_sharing_enabled":true,"jetpack-related-posts":[],"_links":{"self":[{"href":"https:\/\/historiografija.hr\/index.php?rest_route=\/wp\/v2\/posts\/46135","targetHints":{"allow":["GET"]}}],"collection":[{"href":"https:\/\/historiografija.hr\/index.php?rest_route=\/wp\/v2\/posts"}],"about":[{"href":"https:\/\/historiografija.hr\/index.php?rest_route=\/wp\/v2\/types\/post"}],"author":[{"embeddable":true,"href":"https:\/\/historiografija.hr\/index.php?rest_route=\/wp\/v2\/users\/2"}],"replies":[{"embeddable":true,"href":"https:\/\/historiografija.hr\/index.php?rest_route=%2Fwp%2Fv2%2Fcomments&post=46135"}],"version-history":[{"count":1,"href":"https:\/\/historiografija.hr\/index.php?rest_route=\/wp\/v2\/posts\/46135\/revisions"}],"predecessor-version":[{"id":46137,"href":"https:\/\/historiografija.hr\/index.php?rest_route=\/wp\/v2\/posts\/46135\/revisions\/46137"}],"wp:featuredmedia":[{"embeddable":true,"href":"https:\/\/historiografija.hr\/index.php?rest_route=\/wp\/v2\/media\/46136"}],"wp:attachment":[{"href":"https:\/\/historiografija.hr\/index.php?rest_route=%2Fwp%2Fv2%2Fmedia&parent=46135"}],"wp:term":[{"taxonomy":"category","embeddable":true,"href":"https:\/\/historiografija.hr\/index.php?rest_route=%2Fwp%2Fv2%2Fcategories&post=46135"},{"taxonomy":"post_tag","embeddable":true,"href":"https:\/\/historiografija.hr\/index.php?rest_route=%2Fwp%2Fv2%2Ftags&post=46135"}],"curies":[{"name":"wp","href":"https:\/\/api.w.org\/{rel}","templated":true}]}}