{"id":46110,"date":"2025-04-30T21:11:42","date_gmt":"2025-04-30T21:11:42","guid":{"rendered":"https:\/\/historiografija.hr\/?p=46110"},"modified":"2025-04-30T21:11:42","modified_gmt":"2025-04-30T21:11:42","slug":"poziv-na-strucno-znanstveni-skup-gradski-muzej-varazdin-100-godina-djelovanja","status":"publish","type":"post","link":"https:\/\/historiografija.hr\/?p=46110","title":{"rendered":"Poziv na stru\u010dno-znanstveni skup \u201eGradski muzej Vara\u017edin \u2013 100 godina djelovanja\u201c"},"content":{"rendered":"\n<p>Pozivamo sve zainteresirane kolegice i kolege, suradnike i ostale zainteresirane da se izlaganjem na skupu pridru\u017ee obilje\u017eavanju 100. godi\u0161njice djelovanja Gradskog muzeja Vara\u017edin. Skup \u0107e se odr\u017eati 20. i 21. studenoga 2025. u suorganizaciji Gradskog muzeja Vara\u017edin, Zavoda za znanstveni rad HAZU u Vara\u017edinu, Katedre za muzeologiju Odsjeka za informacijske znanosti Filozofskog fakulteta u Zagrebu te ICOM Hrvatska.<\/p>\n\n\n\n<p>Gradski muzej Vara\u017edin osnovan je 16. studenoga 1925. u sklopu aktivnosti obilje\u017eavanja 1000. godi\u0161njice uspostave Hrvatskoga Kraljevstva u Vara\u017edinu. Svojom je djelatno\u0161\u0107u Gradski muzej Vara\u017edin, kao jedan od starijih gradskih muzeja, od osnivanja pokrivao dana\u0161nji prostor Vara\u017edinske \u017eupanije. Danas je to kompleksni muzej, sastavljen od devet muzejskih odjela, koji u svojem fundusu \u010duva vi\u0161e od 200.000 muzejskih predmeta koji su djelomi\u010dno prezentirani u pet stalnih muzejskih postava. Od po\u010detka svojeg djelovanja sura\u0111ivao je s mnogim ba\u0161tinskim institucijama. U fokusu istra\u017eivanja i prezentacije u sklopu skupa jest djelovanje gradskih muzeja danas te Gradskog muzeja Vara\u017edin kroz razli\u010dite aktivnosti i programe ostvarene s brojnim suradnim ustanovama koje bismo \u017eeljeli predstaviti.<\/p>\n\n\n\n<p><strong>Predvi\u0111eni program stru\u010dno-znanstvenog skupa:<\/strong><\/p>\n\n\n\n<p>1. Uvodni dio \u2013 pozdravni govori osniva\u010da, ravnatelja i sl.<\/p>\n\n\n\n<p>2. Gradski muzeji danas, njihova uloga i zna\u010denje u suvremenoj muzeologiji<\/p>\n\n\n\n<p>3. Godina 1925. u Vara\u017edinu<\/p>\n\n\n\n<p>4. Uloga Gradskog muzeja Vara\u017edin u razvoju kulture u Hrvatskoj u proteklih 100 godina kroz iskustva suradnih ustanova<\/p>\n\n\n\n<p>5. Gradski muzej Vara\u017edin u posljednjih 100 godina iznutra \u2013 vara\u017edinski muzealci, umirovljeni i sada\u0161nji \u2013 iskustva u radu u proteklim godinama.<\/p>\n\n\n\n<p>Prijave i sa\u017eeci na temelju ovog poziva zaprimaju se do 1. svibnja 2025. Pojedino prijavljeno usmeno izlaganje trajalo bi 15 minuta. Do po\u010detka skupa bila bi tiskana knjiga sa\u017eetaka, a nakon odr\u017eanoga skupa zbornik radova sa skupa. Predvi\u0111eni rok za predaju tekstova za zbornik radova jest 15. o\u017eujka 2026.<\/p>\n\n\n\n<p>Obrazac prijavnice: <a href=\"https:\/\/forms.gle\/CHjb8N1v9kztRiTk8\">https:\/\/forms.gle\/CHjb8N1v9kztRiTk8<\/a>. Program skupa sa informacijama biti \u0107e objavljen nakon zaprimljenih prijava.<\/p>\n\n\n\n<p>(Ravnatelj: Miran Bojani\u0107 Morandini)<\/p>\n\n\n\n<hr class=\"wp-block-separator has-alpha-channel-opacity\"\/>\n\n\n\n<p>Izvor:<\/p>\n\n\n\n<p><a href=\"https:\/\/mdc.hr\">https:\/\/mdc.hr<\/a><\/p>\n\n\n\n<hr class=\"wp-block-separator has-alpha-channel-opacity\"\/>\n","protected":false},"excerpt":{"rendered":"","protected":false},"author":2,"featured_media":46111,"comment_status":"open","ping_status":"open","sticky":false,"template":"","format":"standard","meta":{"_acf_changed":false,"jetpack_post_was_ever_published":false,"_jetpack_newsletter_access":"","_jetpack_dont_email_post_to_subs":false,"_jetpack_newsletter_tier_id":0,"_jetpack_memberships_contains_paywalled_content":false,"_jetpack_memberships_contains_paid_content":false,"footnotes":"","jetpack_publicize_message":"","jetpack_publicize_feature_enabled":true,"jetpack_social_post_already_shared":true,"jetpack_social_options":{"image_generator_settings":{"template":"highway","default_image_id":0,"font":"","enabled":false},"version":2}},"categories":[3,9],"tags":[],"class_list":["post-46110","post","type-post","status-publish","format-standard","has-post-thumbnail","hentry","category-novosti","category-skupovi"],"acf":{"facebook_opis":""},"jetpack_publicize_connections":[],"jetpack_featured_media_url":"https:\/\/i0.wp.com\/historiografija.hr\/wp-content\/uploads\/2025\/04\/GMV.jpg?fit=940%2C645&ssl=1","jetpack_sharing_enabled":true,"jetpack-related-posts":[],"_links":{"self":[{"href":"https:\/\/historiografija.hr\/index.php?rest_route=\/wp\/v2\/posts\/46110","targetHints":{"allow":["GET"]}}],"collection":[{"href":"https:\/\/historiografija.hr\/index.php?rest_route=\/wp\/v2\/posts"}],"about":[{"href":"https:\/\/historiografija.hr\/index.php?rest_route=\/wp\/v2\/types\/post"}],"author":[{"embeddable":true,"href":"https:\/\/historiografija.hr\/index.php?rest_route=\/wp\/v2\/users\/2"}],"replies":[{"embeddable":true,"href":"https:\/\/historiografija.hr\/index.php?rest_route=%2Fwp%2Fv2%2Fcomments&post=46110"}],"version-history":[{"count":1,"href":"https:\/\/historiografija.hr\/index.php?rest_route=\/wp\/v2\/posts\/46110\/revisions"}],"predecessor-version":[{"id":46112,"href":"https:\/\/historiografija.hr\/index.php?rest_route=\/wp\/v2\/posts\/46110\/revisions\/46112"}],"wp:featuredmedia":[{"embeddable":true,"href":"https:\/\/historiografija.hr\/index.php?rest_route=\/wp\/v2\/media\/46111"}],"wp:attachment":[{"href":"https:\/\/historiografija.hr\/index.php?rest_route=%2Fwp%2Fv2%2Fmedia&parent=46110"}],"wp:term":[{"taxonomy":"category","embeddable":true,"href":"https:\/\/historiografija.hr\/index.php?rest_route=%2Fwp%2Fv2%2Fcategories&post=46110"},{"taxonomy":"post_tag","embeddable":true,"href":"https:\/\/historiografija.hr\/index.php?rest_route=%2Fwp%2Fv2%2Ftags&post=46110"}],"curies":[{"name":"wp","href":"https:\/\/api.w.org\/{rel}","templated":true}]}}