{"id":46085,"date":"2025-04-28T21:39:34","date_gmt":"2025-04-28T21:39:34","guid":{"rendered":"https:\/\/historiografija.hr\/?p=46085"},"modified":"2025-04-28T21:39:34","modified_gmt":"2025-04-28T21:39:34","slug":"konferencija-yugoslav-wars-and-post-yugoslav-space-thirty-years-after-between-history-memory-and-law-u-amsterdamu","status":"publish","type":"post","link":"https:\/\/historiografija.hr\/?p=46085","title":{"rendered":"Konferencija \u201eYugoslav Wars and Post-Yugoslav Space Thirty Years After: Between History, Memory and Law\u201c u Amsterdamu"},"content":{"rendered":"\n<p>U Amsterdamu se tokom 29. i 30. aprila odr\u017eava nau\u010dni simpozij pod naslovom <em>Yugoslav Wars and Post-Yugoslav Space Thirty Years After: Between History, Memory and Law<\/em> koju organiziraju NIOD Institute for War, Holocaust and Genocide Studies, Netherlands Institute for the Study of Crime and Law Enforcement (NSCR), Centre for International Criminal Justice, Vrije Universiteit Amsterdam, te Innovation Center of the Institute for Contemporary History, Beograd.<\/p>\n\n\n\n<p>Dvodnevnim interdisciplinarnim simpozijumom organizatori \u017eele obilje\u017eiti tridesetu godi\u0161njicu od zavr\u0161etka rata u Bosni i Hercegovini sa ciljem rasvjetljavanja trenutnog stanja istra\u017eivanja problematike rata u Jugoslaviji i da uka\u017eu na budu\u0107e putanje prou\u010davanja. Iako je ovo bila jedna od najopse\u017enije dokumentiranih katastrofa koje je izazvao \u010dovjek u novijoj historiji, tri decenije nakon Srebrenice, Oluje i Dejtona, mnoga pitanja ostaju bez odgovora.<\/p>\n\n\n\n<p>Jaz izme\u0111u istra\u017eiva\u010da ovih nau\u010dnih pitanja i dalje postoji i sve je dublji sa svakim novim otvaranjem arhivskih fondova. Me\u0111utim, i interdisciplinarna komunikacija i transnacionalna koordinacija u ovoj oblasti su erodirane, \u010desto \u010dame u ponavljaju\u0107im i oko\u0161talim kli\u0161eima.<\/p>\n\n\n\n<p>Da bi se diskusija preusmjerila ka novim perspektivama, ova konferencija daje prostor najnovijoj generaciji nau\u010dnika zajedno sa onima koji su oblikovali polje kako bi nam pomogli da lavinu informacija transformiramo u korisne uvide za postjugoslovenski prostor i \u0161ire. Kako je rat ponovo realnost na evropskom kontinentu, pa i \u0161irom svijeta, s obzirom na njegovu brutalnost i dalekose\u017ene posljedice \u010dini se va\u017enijim nego ikad, kako u jo\u0161 uvijek nesre\u0111enom regionu Zapadnog Balkana, tako i globalno.<\/p>\n\n\n\n<hr class=\"wp-block-separator has-alpha-channel-opacity\"\/>\n\n\n\n<p>Izvor i program:<\/p>\n\n\n\n<p><a href=\"https:\/\/historiografija.ba\/historija-u-javnosti\/naucne-manifestacije\/konferencija-u-amsterdamu-o-ratovima-1990-ih-godina\">https:\/\/historiografija.ba\/historija-u-javnosti\/naucne-manifestacije\/konferencija-u-amsterdamu-o-ratovima-1990-ih-godina<\/a><\/p>\n\n\n\n<hr class=\"wp-block-separator has-alpha-channel-opacity\"\/>\n","protected":false},"excerpt":{"rendered":"","protected":false},"author":2,"featured_media":46086,"comment_status":"open","ping_status":"open","sticky":false,"template":"","format":"standard","meta":{"_acf_changed":false,"jetpack_post_was_ever_published":false,"_jetpack_newsletter_access":"","_jetpack_dont_email_post_to_subs":false,"_jetpack_newsletter_tier_id":0,"_jetpack_memberships_contains_paywalled_content":false,"_jetpack_memberships_contains_paid_content":false,"footnotes":"","jetpack_publicize_message":"","jetpack_publicize_feature_enabled":true,"jetpack_social_post_already_shared":true,"jetpack_social_options":{"image_generator_settings":{"template":"highway","default_image_id":0,"font":"","enabled":false},"version":2}},"categories":[3,9],"tags":[],"class_list":["post-46085","post","type-post","status-publish","format-standard","has-post-thumbnail","hentry","category-novosti","category-skupovi"],"acf":{"facebook_opis":""},"jetpack_publicize_connections":[],"jetpack_featured_media_url":"https:\/\/i0.wp.com\/historiografija.hr\/wp-content\/uploads\/2025\/04\/Dayton_Agreement.jpg?fit=555%2C368&ssl=1","jetpack_sharing_enabled":true,"jetpack-related-posts":[],"_links":{"self":[{"href":"https:\/\/historiografija.hr\/index.php?rest_route=\/wp\/v2\/posts\/46085","targetHints":{"allow":["GET"]}}],"collection":[{"href":"https:\/\/historiografija.hr\/index.php?rest_route=\/wp\/v2\/posts"}],"about":[{"href":"https:\/\/historiografija.hr\/index.php?rest_route=\/wp\/v2\/types\/post"}],"author":[{"embeddable":true,"href":"https:\/\/historiografija.hr\/index.php?rest_route=\/wp\/v2\/users\/2"}],"replies":[{"embeddable":true,"href":"https:\/\/historiografija.hr\/index.php?rest_route=%2Fwp%2Fv2%2Fcomments&post=46085"}],"version-history":[{"count":1,"href":"https:\/\/historiografija.hr\/index.php?rest_route=\/wp\/v2\/posts\/46085\/revisions"}],"predecessor-version":[{"id":46087,"href":"https:\/\/historiografija.hr\/index.php?rest_route=\/wp\/v2\/posts\/46085\/revisions\/46087"}],"wp:featuredmedia":[{"embeddable":true,"href":"https:\/\/historiografija.hr\/index.php?rest_route=\/wp\/v2\/media\/46086"}],"wp:attachment":[{"href":"https:\/\/historiografija.hr\/index.php?rest_route=%2Fwp%2Fv2%2Fmedia&parent=46085"}],"wp:term":[{"taxonomy":"category","embeddable":true,"href":"https:\/\/historiografija.hr\/index.php?rest_route=%2Fwp%2Fv2%2Fcategories&post=46085"},{"taxonomy":"post_tag","embeddable":true,"href":"https:\/\/historiografija.hr\/index.php?rest_route=%2Fwp%2Fv2%2Ftags&post=46085"}],"curies":[{"name":"wp","href":"https:\/\/api.w.org\/{rel}","templated":true}]}}