{"id":46082,"date":"2025-04-28T21:35:04","date_gmt":"2025-04-28T21:35:04","guid":{"rendered":"https:\/\/historiografija.hr\/?p=46082"},"modified":"2025-04-28T21:35:04","modified_gmt":"2025-04-28T21:35:04","slug":"otkrivanje-dalmacije-u-dubrovackim-javnim-zbirkama","status":"publish","type":"post","link":"https:\/\/historiografija.hr\/?p=46082","title":{"rendered":"\u201eOtkrivanje Dalmacije\u201c u dubrova\u010dkim javnim zbirkama"},"content":{"rendered":"\n<p>U sklopu projekta Hrvatske zaklade za znanost <em>\u201eWhere East meets West\u201c: Putopisni narativi i stvaranje slike o umjetni\u010dkoj ba\u0161tini Dalmacije u modernoj Europi (c. 1675 \u2013 c. 1941)<\/em>, IP-2022-10-8676, akronima <em>TraveloguesDalmatia<\/em> (28. 12. 2023.\u201327. 12. 2027.), organizira se studentska radionica na Sveu\u010dili\u0161tu u Dubrovniku.<\/p>\n\n\n\n<p>Na radionici \u0107e sudjelovati studenti prijediplomskih studija Konzervacije-restauracije i Povijest Jadrana i Mediterana. Unutar aktivnosti planiranih 25. travnja 2025. godine, studenti \u0107e razgledavati zbirke putopisne literature s ilustracijama Dalmacije i zbirku dalmatinskih crte\u017ea Antona Perka u Znanstvenoj knji\u017enici u Dubrovniku te grafike i slike s dalmatinskim motivima iz 19. i 20. stolje\u0107a iz kolekcije Dubrova\u010dkih muzeja, kao i zbirke slika stranih autora nadahnutih dalmatinskim krajolicima iz fundusa Umjetni\u010dke galerije. Nakon obilaska zbirki studenti \u0107e sudjelovati u raspravi o pregledanim likovnim materijalima u Kampusu Sveu\u010dili\u0161ta u Dubrovniku.<\/p>\n\n\n\n<p>Voditeljica i organizatorica radionice je prof. dr. sc. Sanja \u017daja Vrbica, \u010dlanica istra\u017eiva\u010dkog tima projekta <em><a href=\"https:\/\/www.ipu.hr\/article\/hr\/1615\/TraveloguesDalmatia\">TraveloguesDalmatia<\/a><\/em>, a uz nju mentorski tim \u010dine dr. sc. Rozana Vojvoda, muzejska savjetnica, Lucija Vukovi\u0107, vi\u0161a kustosica, Paula Ragu\u017e, voditeljica Znanstvene knji\u017enice u Dubrovniku i dr. sc. Ana \u0160verko, voditeljica projekta <em><a href=\"https:\/\/www.ipu.hr\/article\/hr\/1615\/TraveloguesDalmatia\">TraveloguesDalmatia<\/a><\/em>.<\/p>\n\n\n\n<hr class=\"wp-block-separator has-alpha-channel-opacity\"\/>\n\n\n\n<p>Izvor:<\/p>\n\n\n\n<p><a href=\"https:\/\/www.ipu.hr\/article\/hr\/1909\/otkrivanje-dalmacije-u-dubrovackim-javnim-zbirkama-\">https:\/\/www.ipu.hr\/article\/hr\/1909\/otkrivanje-dalmacije-u-dubrovackim-javnim-zbirkama-<\/a><\/p>\n\n\n\n<hr class=\"wp-block-separator has-alpha-channel-opacity\"\/>\n","protected":false},"excerpt":{"rendered":"","protected":false},"author":2,"featured_media":46083,"comment_status":"open","ping_status":"open","sticky":false,"template":"","format":"standard","meta":{"_acf_changed":false,"jetpack_post_was_ever_published":false,"_jetpack_newsletter_access":"","_jetpack_dont_email_post_to_subs":false,"_jetpack_newsletter_tier_id":0,"_jetpack_memberships_contains_paywalled_content":false,"_jetpack_memberships_contains_paid_content":false,"footnotes":"","jetpack_publicize_message":"","jetpack_publicize_feature_enabled":true,"jetpack_social_post_already_shared":true,"jetpack_social_options":{"image_generator_settings":{"template":"highway","default_image_id":0,"font":"","enabled":false},"version":2}},"categories":[3],"tags":[],"class_list":["post-46082","post","type-post","status-publish","format-standard","has-post-thumbnail","hentry","category-novosti"],"acf":{"facebook_opis":""},"jetpack_publicize_connections":[],"jetpack_featured_media_url":"https:\/\/i0.wp.com\/historiografija.hr\/wp-content\/uploads\/2025\/04\/dubrovacki-muzeji-gr-564.jpg?fit=2339%2C1461&ssl=1","jetpack_sharing_enabled":true,"jetpack-related-posts":[],"_links":{"self":[{"href":"https:\/\/historiografija.hr\/index.php?rest_route=\/wp\/v2\/posts\/46082","targetHints":{"allow":["GET"]}}],"collection":[{"href":"https:\/\/historiografija.hr\/index.php?rest_route=\/wp\/v2\/posts"}],"about":[{"href":"https:\/\/historiografija.hr\/index.php?rest_route=\/wp\/v2\/types\/post"}],"author":[{"embeddable":true,"href":"https:\/\/historiografija.hr\/index.php?rest_route=\/wp\/v2\/users\/2"}],"replies":[{"embeddable":true,"href":"https:\/\/historiografija.hr\/index.php?rest_route=%2Fwp%2Fv2%2Fcomments&post=46082"}],"version-history":[{"count":1,"href":"https:\/\/historiografija.hr\/index.php?rest_route=\/wp\/v2\/posts\/46082\/revisions"}],"predecessor-version":[{"id":46084,"href":"https:\/\/historiografija.hr\/index.php?rest_route=\/wp\/v2\/posts\/46082\/revisions\/46084"}],"wp:featuredmedia":[{"embeddable":true,"href":"https:\/\/historiografija.hr\/index.php?rest_route=\/wp\/v2\/media\/46083"}],"wp:attachment":[{"href":"https:\/\/historiografija.hr\/index.php?rest_route=%2Fwp%2Fv2%2Fmedia&parent=46082"}],"wp:term":[{"taxonomy":"category","embeddable":true,"href":"https:\/\/historiografija.hr\/index.php?rest_route=%2Fwp%2Fv2%2Fcategories&post=46082"},{"taxonomy":"post_tag","embeddable":true,"href":"https:\/\/historiografija.hr\/index.php?rest_route=%2Fwp%2Fv2%2Ftags&post=46082"}],"curies":[{"name":"wp","href":"https:\/\/api.w.org\/{rel}","templated":true}]}}