{"id":46063,"date":"2025-04-25T20:53:49","date_gmt":"2025-04-25T20:53:49","guid":{"rendered":"https:\/\/historiografija.hr\/?p=46063"},"modified":"2025-04-25T20:53:49","modified_gmt":"2025-04-25T20:53:49","slug":"kliofest-2025-teme-okruglih-stolova","status":"publish","type":"post","link":"https:\/\/historiografija.hr\/?p=46063","title":{"rendered":"Kliofest 2025: Teme okruglih stolova"},"content":{"rendered":"\n<p>Na Dvanaestom Festivalu povijesti \u2013 Kliofest bit \u0107e odr\u017eano od 13. do 16. svibnja 2025. u Nacionalnoj i sveu\u010dili\u0161noj knji\u017enici u Zagrebu deset okruglih stolova: \u201e\u017dene i povijesne mijene \u2013 izazovi povijesti \u017eena u pro\u0161losti i sada\u0161njosti\u201c, \u201ePedeset godina od helsin\u0161ke Konferencije o europskoj sigurnosti i suradnji\u201c, \u201eHrvatska dr\u017eavnost u srednjem vijeku izme\u0111u historije i mita\u201c, \u201eKako pisati (politi\u010dke) biografije?\u201c, \u201eHistoriografija o suvremenoj povijesti\u201c, \u201eNepomirljive suprotnosti? Nacionalna, transnacionalna i globalna povijest\u201c, \u201ePovijest, knji\u017eevnost, psihijatrija\u201c, \u201e1100 godina Hrvatskog Kraljevstva (925. \u2013 2025.): pitanja i odgovori\u201c, \u201eMe\u0111ureligijski dijalog u Hrvatskoj i Jugoslaviji od 1966. do 1989. Potreba ili prisila?\u201c, \u201ePerspektiva nove generacije: raspad Jugoslavije i ratovi devedesetih\u201c. Uskoro op\u0161irnije.<\/p>\n\n\n\n<p><a href=\"https:\/\/www.kliofest.hr\">https:\/\/www.kliofest.hr<\/a><\/p>\n\n\n\n<p><a href=\"https:\/\/www.facebook.com\/kliofest\">https:\/\/www.facebook.com\/kliofest<\/a><\/p>\n\n\n\n<p><a href=\"https:\/\/www.instagram.com\/kliofest\">https:\/\/www.instagram.com\/kliofest<\/a><\/p>\n\n\n\n<hr class=\"wp-block-separator has-alpha-channel-opacity\"\/>\n","protected":false},"excerpt":{"rendered":"","protected":false},"author":2,"featured_media":34877,"comment_status":"open","ping_status":"open","sticky":false,"template":"","format":"standard","meta":{"_acf_changed":false,"jetpack_post_was_ever_published":false,"_jetpack_newsletter_access":"","_jetpack_dont_email_post_to_subs":false,"_jetpack_newsletter_tier_id":0,"_jetpack_memberships_contains_paywalled_content":false,"_jetpack_memberships_contains_paid_content":false,"footnotes":"","jetpack_publicize_message":"","jetpack_publicize_feature_enabled":true,"jetpack_social_post_already_shared":true,"jetpack_social_options":{"image_generator_settings":{"template":"highway","default_image_id":0,"font":"","enabled":false},"version":2}},"categories":[3],"tags":[],"class_list":["post-46063","post","type-post","status-publish","format-standard","has-post-thumbnail","hentry","category-novosti"],"acf":{"facebook_opis":""},"jetpack_publicize_connections":[],"jetpack_featured_media_url":"https:\/\/i0.wp.com\/historiografija.hr\/wp-content\/uploads\/2023\/03\/Kliofest.jpg?fit=1468%2C960&ssl=1","jetpack_sharing_enabled":true,"jetpack-related-posts":[],"_links":{"self":[{"href":"https:\/\/historiografija.hr\/index.php?rest_route=\/wp\/v2\/posts\/46063","targetHints":{"allow":["GET"]}}],"collection":[{"href":"https:\/\/historiografija.hr\/index.php?rest_route=\/wp\/v2\/posts"}],"about":[{"href":"https:\/\/historiografija.hr\/index.php?rest_route=\/wp\/v2\/types\/post"}],"author":[{"embeddable":true,"href":"https:\/\/historiografija.hr\/index.php?rest_route=\/wp\/v2\/users\/2"}],"replies":[{"embeddable":true,"href":"https:\/\/historiografija.hr\/index.php?rest_route=%2Fwp%2Fv2%2Fcomments&post=46063"}],"version-history":[{"count":1,"href":"https:\/\/historiografija.hr\/index.php?rest_route=\/wp\/v2\/posts\/46063\/revisions"}],"predecessor-version":[{"id":46064,"href":"https:\/\/historiografija.hr\/index.php?rest_route=\/wp\/v2\/posts\/46063\/revisions\/46064"}],"wp:featuredmedia":[{"embeddable":true,"href":"https:\/\/historiografija.hr\/index.php?rest_route=\/wp\/v2\/media\/34877"}],"wp:attachment":[{"href":"https:\/\/historiografija.hr\/index.php?rest_route=%2Fwp%2Fv2%2Fmedia&parent=46063"}],"wp:term":[{"taxonomy":"category","embeddable":true,"href":"https:\/\/historiografija.hr\/index.php?rest_route=%2Fwp%2Fv2%2Fcategories&post=46063"},{"taxonomy":"post_tag","embeddable":true,"href":"https:\/\/historiografija.hr\/index.php?rest_route=%2Fwp%2Fv2%2Ftags&post=46063"}],"curies":[{"name":"wp","href":"https:\/\/api.w.org\/{rel}","templated":true}]}}