{"id":46058,"date":"2025-04-25T20:36:45","date_gmt":"2025-04-25T20:36:45","guid":{"rendered":"https:\/\/historiografija.hr\/?p=46058"},"modified":"2025-04-25T20:38:09","modified_gmt":"2025-04-25T20:38:09","slug":"odrzan-cetvrti-mali-festival-povijesti-na-lastovu","status":"publish","type":"post","link":"https:\/\/historiografija.hr\/?p=46058","title":{"rendered":"Odr\u017ean \u010detvrti Mali festival povijesti na Lastovu\u00a0\u00a0\u00a0\u00a0\u00a0\u00a0\u00a0\u00a0\u00a0\u00a0\u00a0\u00a0"},"content":{"rendered":"\n<p>U suradnji Zavoda za povijesne znanosti Hrvatske akademije znanosti i umjetnosti u Dubrovniku s Op\u0107inom Lastovo, TZ Lastovo i partnerima, na Lastovu je od 13. do 15. travnja 2025. odr\u017ean \u010detvrti Mali festival povijesti. U sklopu festivala <strong>Nella Lonza <\/strong>predavala je o temi \u201cPolaganje ra\u010duna Bogu i ljudima: lastovske srednjovjekovne oporuke\u201d, <strong>Tanja Tr\u0161ka<\/strong> o temi \u201cBarokni Rim na Lastovu: poliptih Giovannija Lanfranca u \u017eupnoj crkvi sv. Kuzme i Damjana\u201d, a <strong>Lovro Kun\u010devi\u0107 <\/strong>o temi \u201cDiplomacija Dubrova\u010dke Republike u 16. i 17. stolje\u0107u\u201d.<\/p>\n\n\n\n<hr class=\"wp-block-separator has-alpha-channel-opacity\"\/>\n\n\n\n<p>Izvor i dodatne obavijesti:<\/p>\n\n\n\n<figure class=\"wp-block-embed is-type-wp-embed is-provider-zavod-za-povijesne-znanosti-hazu-u-dubrovniku wp-block-embed-zavod-za-povijesne-znanosti-hazu-u-dubrovniku\"><div class=\"wp-block-embed__wrapper\">\n<blockquote class=\"wp-embedded-content\" data-secret=\"HA5xG7ZcIy\"><a href=\"https:\/\/www.zavoddbk.org\/novosti\/odrzan-mali-festival-povijesti-na-lastovu\/\">Odr\u017ean Mali festival povijesti na Lastovu<\/a><\/blockquote><iframe loading=\"lazy\" class=\"wp-embedded-content\" sandbox=\"allow-scripts\" security=\"restricted\" style=\"position: absolute; visibility: hidden;\" title=\"&#8220;Odr\u017ean Mali festival povijesti na Lastovu&#8221; &#8212; Zavod za povijesne znanosti HAZU u Dubrovniku\" src=\"https:\/\/www.zavoddbk.org\/novosti\/odrzan-mali-festival-povijesti-na-lastovu\/embed\/#?secret=Q1EAVY0Amw#?secret=HA5xG7ZcIy\" data-secret=\"HA5xG7ZcIy\" width=\"600\" height=\"338\" frameborder=\"0\" marginwidth=\"0\" marginheight=\"0\" scrolling=\"no\"><\/iframe>\n<\/div><\/figure>\n\n\n\n<p><a href=\"https:\/\/www.facebook.com\/zavoddbk\">https:\/\/www.facebook.com\/zavoddbk<\/a><\/p>\n\n\n\n<hr class=\"wp-block-separator has-alpha-channel-opacity\"\/>\n","protected":false},"excerpt":{"rendered":"","protected":false},"author":2,"featured_media":46061,"comment_status":"open","ping_status":"open","sticky":false,"template":"","format":"standard","meta":{"_acf_changed":false,"jetpack_post_was_ever_published":false,"_jetpack_newsletter_access":"","_jetpack_dont_email_post_to_subs":false,"_jetpack_newsletter_tier_id":0,"_jetpack_memberships_contains_paywalled_content":false,"_jetpack_memberships_contains_paid_content":false,"footnotes":"","jetpack_publicize_message":"","jetpack_publicize_feature_enabled":true,"jetpack_social_post_already_shared":true,"jetpack_social_options":{"image_generator_settings":{"template":"highway","default_image_id":0,"font":"","enabled":false},"version":2}},"categories":[3],"tags":[],"class_list":["post-46058","post","type-post","status-publish","format-standard","has-post-thumbnail","hentry","category-novosti"],"acf":{"facebook_opis":""},"jetpack_publicize_connections":[],"jetpack_featured_media_url":"https:\/\/i0.wp.com\/historiografija.hr\/wp-content\/uploads\/2025\/04\/Lastovo_Festival_2025.jpg?fit=1448%2C1169&ssl=1","jetpack_sharing_enabled":true,"jetpack-related-posts":[],"_links":{"self":[{"href":"https:\/\/historiografija.hr\/index.php?rest_route=\/wp\/v2\/posts\/46058","targetHints":{"allow":["GET"]}}],"collection":[{"href":"https:\/\/historiografija.hr\/index.php?rest_route=\/wp\/v2\/posts"}],"about":[{"href":"https:\/\/historiografija.hr\/index.php?rest_route=\/wp\/v2\/types\/post"}],"author":[{"embeddable":true,"href":"https:\/\/historiografija.hr\/index.php?rest_route=\/wp\/v2\/users\/2"}],"replies":[{"embeddable":true,"href":"https:\/\/historiografija.hr\/index.php?rest_route=%2Fwp%2Fv2%2Fcomments&post=46058"}],"version-history":[{"count":2,"href":"https:\/\/historiografija.hr\/index.php?rest_route=\/wp\/v2\/posts\/46058\/revisions"}],"predecessor-version":[{"id":46062,"href":"https:\/\/historiografija.hr\/index.php?rest_route=\/wp\/v2\/posts\/46058\/revisions\/46062"}],"wp:featuredmedia":[{"embeddable":true,"href":"https:\/\/historiografija.hr\/index.php?rest_route=\/wp\/v2\/media\/46061"}],"wp:attachment":[{"href":"https:\/\/historiografija.hr\/index.php?rest_route=%2Fwp%2Fv2%2Fmedia&parent=46058"}],"wp:term":[{"taxonomy":"category","embeddable":true,"href":"https:\/\/historiografija.hr\/index.php?rest_route=%2Fwp%2Fv2%2Fcategories&post=46058"},{"taxonomy":"post_tag","embeddable":true,"href":"https:\/\/historiografija.hr\/index.php?rest_route=%2Fwp%2Fv2%2Ftags&post=46058"}],"curies":[{"name":"wp","href":"https:\/\/api.w.org\/{rel}","templated":true}]}}