{"id":46049,"date":"2025-04-25T20:22:57","date_gmt":"2025-04-25T20:22:57","guid":{"rendered":"https:\/\/historiografija.hr\/?p=46049"},"modified":"2025-04-25T20:26:14","modified_gmt":"2025-04-25T20:26:14","slug":"papa-franjo-nadaj-se-autobiografija","status":"publish","type":"post","link":"https:\/\/historiografija.hr\/?p=46049","title":{"rendered":"Papa Franjo, \u201eNadaj se. Autobiografija\u201c"},"content":{"rendered":"\n<p>Nakon hrvatskog izdanja knjige \u201e\u017divot. Moja povijest u Povijesti\u201c (Zagreb: Kr\u0161\u0107anska sada\u0161njost, 2024), upravo je objavljena i knjiga Jorgea Marija Bergoglia \u201eNadaj se. Autobiografija\u201c (Zagreb: Znanje, 2025).<\/p>\n\n\n\n<hr class=\"wp-block-separator has-alpha-channel-opacity\"\/>\n\n\n\n<p>&#8220;Autobiografija nije na\u0161e privatno pismo, nego putna torba. A sje\u0107anje nije samo ono \u0161to pamtimo, nego i ono \u0161to nas okru\u017euje. Ne govori samo o onome \u0161to je bilo, nego o onome \u0161to \u0107e biti. Naizgled je ju\u010der, a zapravo je sutra. Sve se ra\u0111a kako bi procvalo u vje\u010dnu prolje\u0107u. Na kraju \u0107emo re\u0107i samo ovo: ne sje\u0107am se ni\u010dega u \u010demu nema Tebe.&#8221;<\/p>\n\n\n\n<p>Francesco<\/p>\n\n\n\n<p>&#8220;Cijeli je \u017eivotopis niz vrlo osobnih pri\u010da koji &#8220;do kosti&#8221; otkriva papu Franju \u010dija \u0107e iskrenost dirnuti ljude diljem svijeta, jer \u017eeli pokazati da je i on samo \u010dovjek uronjen u zbilju koja ga okru\u017euje, sa svojim dobrim i lo\u0161im stranama, a zapravo ih koristi kako bi progovorio o velikim svjetskim temama. Papina pri\u010da govori i o obitelji i njezinoj va\u017enosti za pojedinca, o povijesti iseljeni\u0161tva iz talijanskog Pijemonta i useljeni\u0161tva u Argentinu, o susjedima i odnosu s druga\u010dijima koji su ga okru\u017eivali, o odrastanju i zaljubljivanju, o \u0161kolovanju i odu\u0161evljenju za sve\u0107eni\u0161tvo i redovni\u0161tvo, ali i o slabostima, pogre\u0161kama i zatajenjima zbog kojih i danas \u017eali. Papa se otkriva, iznosi anegdote iz svog \u017eivota, pi\u0161e osje\u0107ajno, dirljivo i vedro. No, u svako poglavlje, u svaku pri\u010du, uspijeva utisnuti svoju moralnu i duhovnu ostav\u0161tinu oslonjen na nadu &#8220;koja ne posti\u0111uje&#8221; i koju \u017eeli prenijeti i na budu\u0107e nara\u0161taje.&#8221;<\/p>\n\n\n\n<p>Prof. dr. sc. Danijel Laba\u0161<\/p>\n\n\n\n<hr class=\"wp-block-separator has-alpha-channel-opacity\"\/>\n\n\n\n<p>Jorge Mario Bergoglio<\/p>\n\n\n\n<p>Ro\u0111en je u Buenos Airesu 17. prosinca 1936. godine. Sin talijanskih doseljenika, najstarije od petero djece u obitelji iz \u010detvrti Flores, sa svjedod\u017ebom kemijskog tehni\u010dara, 1963. diplomirao je filozofiju, sve\u0107enik je od 1969., isusova\u010dki provincijal Argentine od 1973., pomo\u0107ni biskup od 1992., nadbiskup Buenos Airesa od 1998., kardinal od 2001., a od 13. o\u017eujka 2013. rimski je biskup i 266. papa Katoli\u010dke crkve. Dvanaestu godinu svojega pontifikata, 2025., proglasio je novim Jubilejom pod motom &#8220;Hodo\u010dasnici nade&#8221;. Nadaj se, djelo napisano u suradnji s Carlom Mussom, objavljeno je istodobno na raznim jezicima u vi\u0161e od 80 zemalja svijeta.<\/p>\n\n\n\n<hr class=\"wp-block-separator has-alpha-channel-opacity\"\/>\n\n\n\n<p>Izvor:<\/p>\n\n\n\n<p><a href=\"https:\/\/znanje.hr\/product\/nadaj-se\/500010\">https:\/\/znanje.hr\/product\/nadaj-se\/500010<\/a><\/p>\n\n\n\n<hr class=\"wp-block-separator has-alpha-channel-opacity\"\/>\n\n\n\n<p>Prethodna obavijest na portalu Historiografija.hr:<\/p>\n\n\n\n<figure class=\"wp-block-embed is-type-wp-embed is-provider-historiografija-hr wp-block-embed-historiografija-hr\"><div class=\"wp-block-embed__wrapper\">\n<blockquote class=\"wp-embedded-content\" data-secret=\"5MwqsVRldX\"><a href=\"https:\/\/historiografija.hr\/?p=44024\">\u017divot. Moja povijest u Povijesti<\/a><\/blockquote><iframe loading=\"lazy\" class=\"wp-embedded-content\" sandbox=\"allow-scripts\" security=\"restricted\" style=\"position: absolute; visibility: hidden;\" title=\"&#8220;\u017divot. Moja povijest u Povijesti&#8221; &#8212; Historiografija.hr\" src=\"https:\/\/historiografija.hr\/?p=44024&#038;embed=true#?secret=ozfxB29thg#?secret=5MwqsVRldX\" data-secret=\"5MwqsVRldX\" width=\"600\" height=\"338\" frameborder=\"0\" marginwidth=\"0\" marginheight=\"0\" scrolling=\"no\"><\/iframe>\n<\/div><\/figure>\n\n\n\n<hr class=\"wp-block-separator has-alpha-channel-opacity\"\/>\n","protected":false},"excerpt":{"rendered":"","protected":false},"author":2,"featured_media":46050,"comment_status":"open","ping_status":"open","sticky":false,"template":"","format":"standard","meta":{"_acf_changed":false,"jetpack_post_was_ever_published":false,"_jetpack_newsletter_access":"","_jetpack_dont_email_post_to_subs":false,"_jetpack_newsletter_tier_id":0,"_jetpack_memberships_contains_paywalled_content":false,"_jetpack_memberships_contains_paid_content":false,"footnotes":"","jetpack_publicize_message":"","jetpack_publicize_feature_enabled":true,"jetpack_social_post_already_shared":true,"jetpack_social_options":{"image_generator_settings":{"template":"highway","default_image_id":0,"font":"","enabled":false},"version":2}},"categories":[8,3],"tags":[],"class_list":["post-46049","post","type-post","status-publish","format-standard","has-post-thumbnail","hentry","category-knjige","category-novosti"],"acf":{"facebook_opis":""},"jetpack_publicize_connections":[],"jetpack_featured_media_url":"https:\/\/i0.wp.com\/historiografija.hr\/wp-content\/uploads\/2025\/04\/Franjo.jpg?fit=360%2C548&ssl=1","jetpack_sharing_enabled":true,"jetpack-related-posts":[],"_links":{"self":[{"href":"https:\/\/historiografija.hr\/index.php?rest_route=\/wp\/v2\/posts\/46049","targetHints":{"allow":["GET"]}}],"collection":[{"href":"https:\/\/historiografija.hr\/index.php?rest_route=\/wp\/v2\/posts"}],"about":[{"href":"https:\/\/historiografija.hr\/index.php?rest_route=\/wp\/v2\/types\/post"}],"author":[{"embeddable":true,"href":"https:\/\/historiografija.hr\/index.php?rest_route=\/wp\/v2\/users\/2"}],"replies":[{"embeddable":true,"href":"https:\/\/historiografija.hr\/index.php?rest_route=%2Fwp%2Fv2%2Fcomments&post=46049"}],"version-history":[{"count":4,"href":"https:\/\/historiografija.hr\/index.php?rest_route=\/wp\/v2\/posts\/46049\/revisions"}],"predecessor-version":[{"id":46054,"href":"https:\/\/historiografija.hr\/index.php?rest_route=\/wp\/v2\/posts\/46049\/revisions\/46054"}],"wp:featuredmedia":[{"embeddable":true,"href":"https:\/\/historiografija.hr\/index.php?rest_route=\/wp\/v2\/media\/46050"}],"wp:attachment":[{"href":"https:\/\/historiografija.hr\/index.php?rest_route=%2Fwp%2Fv2%2Fmedia&parent=46049"}],"wp:term":[{"taxonomy":"category","embeddable":true,"href":"https:\/\/historiografija.hr\/index.php?rest_route=%2Fwp%2Fv2%2Fcategories&post=46049"},{"taxonomy":"post_tag","embeddable":true,"href":"https:\/\/historiografija.hr\/index.php?rest_route=%2Fwp%2Fv2%2Ftags&post=46049"}],"curies":[{"name":"wp","href":"https:\/\/api.w.org\/{rel}","templated":true}]}}