{"id":46015,"date":"2025-04-24T21:11:31","date_gmt":"2025-04-24T21:11:31","guid":{"rendered":"https:\/\/historiografija.hr\/?p=46015"},"modified":"2025-04-24T21:11:31","modified_gmt":"2025-04-24T21:11:31","slug":"predstavljanje-knjige-slavice-jakelic-i-sloboda-i-pripadanje-eseji-o-religiji-nacionalizmu-i-solidarnosti","status":"publish","type":"post","link":"https:\/\/historiografija.hr\/?p=46015","title":{"rendered":"Predstavljanje knjige Slavice Jakeli\u0107 \u201eI sloboda i pripadanje. Eseji o religiji, nacionalizmu i solidarnosti\u201c"},"content":{"rendered":"\n<p>TIM press vas s osobitim zadovoljstvom poziva na predstavljanje knjige \u201eI sloboda i pripadanje. Eseji o religiji, nacionalizmu i solidarnosti\u201c autorice Slavice Jakeli\u0107.<\/p>\n\n\n\n<p>Predstavljanje \u0107e se odr\u017eati u ponedjeljak 28. travnja u 18 sati u Knji\u017enici i \u010ditaonici Bogdana Ogrizovi\u0107a u Zagrebu, Preradovi\u0107eva ulica 5.<br><br>O knjizi \u0107e uz autoricu govoriti red. prof. dr. sc. Sini\u0161a Zrin\u0161\u010dak, pater Tvrtko Barun i u ime izdava\u010da Dijana Bahtijari.<br><br>Radujemo se va\u0161em dolasku!<\/p>\n\n\n\n<hr class=\"wp-block-separator has-alpha-channel-opacity\"\/>\n\n\n\n<p><strong>O knjizi:<\/strong><\/p>\n\n\n\n<hr class=\"wp-block-separator has-alpha-channel-opacity\"\/>\n\n\n\n<p>Slavica Jakeli\u0107<\/p>\n\n\n\n<p><strong>I sloboda i pripadanje: Eseji o religiji, nacionalizmu i solidarnosti<\/strong><\/p>\n\n\n\n<p>U knjizi<em> I sloboda i pripadanje<\/em> sociologinja Slavica Jakeli\u0107 analizira uzroke neostvarenih predvi\u0111anja zapadnih dru\u0161tvenih teoreti\u010dara da \u0107e religijske i nacionalne oblike pripadanja zamijeniti neki drugi, racionalniji i \u201eplemenitiji\u201c identiteti i privr\u017eenosti, uklju\u010duju\u0107i i solidarnosti artikulirane kroz univerzalisti\u010dke diskurse kozmopolitizma te ideje i prakse ljudskih prava. Smje\u0161taju\u0107i hrvatske preokupacije unutar globalne i komparativne perspektive, Jakeli\u0107 povezuje nagla\u0161eno razdvojene uvide sociologije, religijskih studija, povijesti i politi\u010dke filozofije. Kroz tu interdisciplinarnu prizmu, ona razmatra zna\u010denja i povezanosti religije, nacionalizma i solidarnosti te pita: Za\u0161to su nas nacionalizmi ponovno iznenadili? Zbog \u010dega je religija bila i ostala slijepa to\u010dka dru\u0161tvenih znanosti, osobito u kontekstu analize kolektivnih identiteta? Nude li hrvatska povijesna iskustva ili neki recentniji diskursi o pravima izbjeglica i migranata druk\u010diju, konstruktivniju perspektivu kad je rije\u010d o odnosu etike identiteta i etike solidarnosti? U trenutku kad populisti\u010dke isklju\u010divosti predstavljaju izniman izazov demokraciji i demokratskom pluralizmu, autorica pokazuje za\u0161to je nu\u017eno odnosima izme\u0111u partikularnih identiteta i univerzalnih humanisti\u010dkih ideala pristupiti na novi i konstruktivniji na\u010din.<\/p>\n\n\n\n<p>* * *<\/p>\n\n\n\n<p><em>Mo\u017ee li ljubav prema domovini vezati pojedinca za druge s kojima \u017eivi te mo\u017ee li ista ta ljubav biti izvor pomirenja u politi\u010dki podije\u00adljenoj demokratskoj zajednici \u2013 a to su danas i ameri\u010dko, i hrvatsko, i bosanskohercegova\u010dko i francusko dru\u0161tvo? Mo\u017ee li ponos zbog ideala koje neka zemlja postavlja kao svoje izlije\u010diti povijesne traume i prakse koje ta zemlja \u017eeli zaboraviti? Mogu li individualisti\u010dki temelji patriotizma biti u\u010dinkovit lijek protiv kolektivne snage populisti\u010dkih narativa o pripadnosti i isklju\u010denosti? Ili mo\u017eda kriti\u010dki i povijesno osvije\u0161teni narativi o nacionalnoj pripadnosti mogu pru\u017eiti okvir identiteta koji se sna\u017enije suo\u010dava s nativizmima na\u0161eg vremena?<\/em><\/p>\n\n\n\n<p>* * *<\/p>\n\n\n\n<p><em>Pretpostavku da su nacionalizmi utjelovljeni u nacionalnim dr\u017eavama treba problematizirati jer onemogu\u0107uje uva\u017eavanje nacionalizma kao mjesta pluralisti\u010dkog nadmetanja. Jer nacionalizmi su uvijek vi\u0161e od politi\u010dkih ideologija koje legitimiraju moderne dr\u017eave. Oni tako\u0111er \u010dine domenu civilnog dru\u0161tva u kojoj niz aktera nastoji definirati kulturne i politi\u010dke narative pripadnosti nekom narodu.<\/em><em><br>Nacionalizam nije domena hegemonije nacija-dr\u017eava; on je domena civilnog dru\u0161tva i pluralizma. A religiju ne mora progutati nacionalni partikularizam; religija mo\u017ee nacionalne identitete otvarati prema pripadnicima drugih nacija.<\/em><\/p>\n\n\n\n<p>Slavica Jakeli\u0107<\/p>\n\n\n\n<hr class=\"wp-block-separator has-alpha-channel-opacity\"\/>\n\n\n\n<p>Izvori:<\/p>\n\n\n\n<p><a href=\"https:\/\/tim-press.hr\/hr\/novosti\/predstavljanje-knjige-i-sloboda-i-pripadanje\">https:\/\/tim-press.hr\/hr\/novosti\/predstavljanje-knjige-i-sloboda-i-pripadanje<\/a><\/p>\n\n\n\n<p><a href=\"https:\/\/tim-press.hr\/hr\/knjige\/i-sloboda-i-pripadanje\">https:\/\/tim-press.hr\/hr\/knjige\/i-sloboda-i-pripadanje<\/a><\/p>\n\n\n\n<hr class=\"wp-block-separator has-alpha-channel-opacity\"\/>\n","protected":false},"excerpt":{"rendered":"","protected":false},"author":2,"featured_media":46016,"comment_status":"open","ping_status":"open","sticky":false,"template":"","format":"standard","meta":{"_acf_changed":false,"jetpack_post_was_ever_published":false,"_jetpack_newsletter_access":"","_jetpack_dont_email_post_to_subs":false,"_jetpack_newsletter_tier_id":0,"_jetpack_memberships_contains_paywalled_content":false,"_jetpack_memberships_contains_paid_content":false,"footnotes":"","jetpack_publicize_message":"","jetpack_publicize_feature_enabled":true,"jetpack_social_post_already_shared":true,"jetpack_social_options":{"image_generator_settings":{"template":"highway","default_image_id":0,"font":"","enabled":false},"version":2}},"categories":[3],"tags":[],"class_list":["post-46015","post","type-post","status-publish","format-standard","has-post-thumbnail","hentry","category-novosti"],"acf":{"facebook_opis":""},"jetpack_publicize_connections":[],"jetpack_featured_media_url":"https:\/\/i0.wp.com\/historiografija.hr\/wp-content\/uploads\/2025\/04\/I_sloboda_i_pripadanje.jpg?fit=870%2C444&ssl=1","jetpack_sharing_enabled":true,"jetpack-related-posts":[],"_links":{"self":[{"href":"https:\/\/historiografija.hr\/index.php?rest_route=\/wp\/v2\/posts\/46015","targetHints":{"allow":["GET"]}}],"collection":[{"href":"https:\/\/historiografija.hr\/index.php?rest_route=\/wp\/v2\/posts"}],"about":[{"href":"https:\/\/historiografija.hr\/index.php?rest_route=\/wp\/v2\/types\/post"}],"author":[{"embeddable":true,"href":"https:\/\/historiografija.hr\/index.php?rest_route=\/wp\/v2\/users\/2"}],"replies":[{"embeddable":true,"href":"https:\/\/historiografija.hr\/index.php?rest_route=%2Fwp%2Fv2%2Fcomments&post=46015"}],"version-history":[{"count":1,"href":"https:\/\/historiografija.hr\/index.php?rest_route=\/wp\/v2\/posts\/46015\/revisions"}],"predecessor-version":[{"id":46017,"href":"https:\/\/historiografija.hr\/index.php?rest_route=\/wp\/v2\/posts\/46015\/revisions\/46017"}],"wp:featuredmedia":[{"embeddable":true,"href":"https:\/\/historiografija.hr\/index.php?rest_route=\/wp\/v2\/media\/46016"}],"wp:attachment":[{"href":"https:\/\/historiografija.hr\/index.php?rest_route=%2Fwp%2Fv2%2Fmedia&parent=46015"}],"wp:term":[{"taxonomy":"category","embeddable":true,"href":"https:\/\/historiografija.hr\/index.php?rest_route=%2Fwp%2Fv2%2Fcategories&post=46015"},{"taxonomy":"post_tag","embeddable":true,"href":"https:\/\/historiografija.hr\/index.php?rest_route=%2Fwp%2Fv2%2Ftags&post=46015"}],"curies":[{"name":"wp","href":"https:\/\/api.w.org\/{rel}","templated":true}]}}