{"id":46003,"date":"2025-04-24T20:34:08","date_gmt":"2025-04-24T20:34:08","guid":{"rendered":"https:\/\/historiografija.hr\/?p=46003"},"modified":"2025-04-24T20:34:08","modified_gmt":"2025-04-24T20:34:08","slug":"okrugli-stol-slika-koju-imamo-jedni-o-drugima-okrugli-stol-povjesnicara-o-hrvatsko-madarskim-odnosima","status":"publish","type":"post","link":"https:\/\/historiografija.hr\/?p=46003","title":{"rendered":"Okrugli stol \u201eSlika koju imamo jedni o drugima \u2013 Okrugli stol povjesni\u010dara o hrvatsko-ma\u0111arskim odnosima\u201c"},"content":{"rendered":"\n<p>Sve ljubitelje povijesti i one zainteresirane za ma\u0111arsko-hrvatske odnose pozivamo na okrugli stol povjesni\u010dara pod nazivom:<\/p>\n\n\n\n<p>\u201eSlika koju imamo jedni o drugima \u2013 Okrugli stol povjesni\u010dara o hrvatsko-ma\u0111arskim odnosima\u201c<\/p>\n\n\n\n<p>Na ovom okruglom stolu povjesni\u010dara poku\u0161at \u0107emo odgovoriti na intrigantna pitanja:<\/p>\n\n\n\n<p>Kako su Ma\u0111ari vidjeli i kako vide Hrvate? Kako su Hrvati vidjeli i kako vide Ma\u0111are?<\/p>\n\n\n\n<p>U raspravi sudjeluju:<br>dr. sc. Judit G\u00e1l, dr. sc. G\u00e9za P\u00e1lffy, dr. sc. Damir Karbi\u0107, dr. sc. Ivana Horbec<br>Moderator: dr. sc. Dinko \u0160ok\u010devi\u0107<\/p>\n\n\n\n<p>Institut Liszt \u2013 Ma\u0111arski kulturni centar, Zagreb<br>29. travnja 2025. (utorak)<br>15:00 \u2013 18:00<\/p>\n\n\n\n<p>Molimo, potvrdite svoj dolazak ispunjenjem ovog formulara: <a href=\"https:\/\/l.facebook.com\/l.php?u=https%3A%2F%2Fforms.gle%2Fn8RHVNGKBtQBcW9s6%3Ffbclid%3DIwZXh0bgNhZW0CMTAAYnJpZBExR0FFSEdWa21nbTFSeUtkZwEeED3wApGqrSaPzOGisWEsv0_3GFKWNcPMgKV4FHb-U1RcVpK0pCk1fjq0s7k_aem_8KWRWOpxQo0HaL_F9sui2g&amp;h=AT39iS7Svhk3uNEtYdi9r26yylA8JS4lNkt6-B9CUqHNAC8d03qigssImcHBnoawFcP_KkoZJP_5elGRjaOc2DULkRg_CcN6pr8-XSfiaRfNiZneOuQfqbuY8_taw8PnHic1&amp;__tn__=q&amp;c%5b0%5d=AT2qBEe7teNHGrrQSEixTaQXuPYJMoux2HMtS0NTQ0ovPUd9COvxL5tXuv_zBfzInfc8tm8aMIKkhlgQT_4Cfjh0Z9RO5GbYHF_GzTMyPPxE0kTjfuhmkuc2hYTsNhDp_PY8s6lGo1xJs1LQRZGNqvmFVU2F33heL9NBUw\" target=\"_blank\" rel=\"noreferrer noopener\">https:\/\/forms.gle\/n8RHVNGKBtQBcW9s6<\/a><\/p>\n\n\n\n<p>Radujemo se Va\u0161em dolasku!<br><br><\/p>\n\n\n\n<p>***<\/p>\n\n\n\n<p><br>Minden t\u00f6rt\u00e9nelemkedvel\u0151t \u00e9s a magyar\u2013horv\u00e1t kapcsolatok ir\u00e1nt \u00e9rdekl\u0151d\u0151t szeretettel v\u00e1runk ezen a t\u00f6rt\u00e9nelmi kerekasztal-besz\u00e9lget\u00e9sen:<\/p>\n\n\n\n<p>\u201eEgym\u00e1s szem\u00e9ben \u2013 T\u00f6rt\u00e9nelmi kerekasztal a horv\u00e1t\u2013magyar kapcsolatokr\u00f3l\u201c<\/p>\n\n\n\n<p>A kerekasztal sor\u00e1n a k\u00f6vetkez\u0151 k\u00e9rd\u00e9sekre keress\u00fck a v\u00e1laszt:<br>Hogyan l\u00e1tt\u00e1k \u00e9s l\u00e1tj\u00e1k a magyarok a horv\u00e1tokat? \u00c9s a horv\u00e1tok a magyarokat?<\/p>\n\n\n\n<p>R\u00e9sztvev\u0151k:<br>dr. sc. G\u00e1l Judit, dr. sc. P\u00e1lffy G\u00e9za, dr. sc. Karbi\u0107 Damir, dr. sc. Horbec Ivana<br>Moder\u00e1tor: dr. sc. Sokcsevits D\u00e9nes<\/p>\n\n\n\n<p>Liszt Int\u00e9zet \u2013 Magyar Kultur\u00e1lis K\u00f6zpont, Z\u00e1gr\u00e1b<br>2025. \u00e1prilis 29. (kedd)<br>15:00 \u2013 18:00<\/p>\n\n\n\n<p>K\u00e9rj\u00fck, r\u00e9szv\u00e9teli sz\u00e1nd\u00e9k\u00e1t jelezze az al\u00e1bbi \u0171rlap kit\u00f6lt\u00e9s\u00e9vel: <a href=\"https:\/\/forms.gle\/n8RHVNGKBtQBcW9s6?fbclid=IwZXh0bgNhZW0CMTAAYnJpZBExR0FFSEdWa21nbTFSeUtkZwEeCzPZFLBxP7SicKX0XkRfnrZzjHOSsV5TjY3gVmOkYsr_S4agFBS5Ooqq7jA_aem_gjSAXjIhfqzNYgB7WgzvFg\" target=\"_blank\" rel=\"noreferrer noopener\">https:\/\/forms.gle\/n8RHVNGKBtQBcW9s6<\/a><\/p>\n\n\n\n<p>Szeretettel v\u00e1rjuk \u00d6nt!<\/p>\n\n\n\n<hr class=\"wp-block-separator has-alpha-channel-opacity\"\/>\n\n\n\n<p>Izvor:<\/p>\n\n\n\n<p><a href=\"https:\/\/www.facebook.com\/institutlisztzagreb\">https:\/\/www.facebook.com\/institutlisztzagreb<\/a><\/p>\n\n\n\n<hr class=\"wp-block-separator has-alpha-channel-opacity\"\/>\n","protected":false},"excerpt":{"rendered":"","protected":false},"author":2,"featured_media":46004,"comment_status":"open","ping_status":"open","sticky":false,"template":"","format":"standard","meta":{"_acf_changed":false,"jetpack_post_was_ever_published":false,"_jetpack_newsletter_access":"","_jetpack_dont_email_post_to_subs":false,"_jetpack_newsletter_tier_id":0,"_jetpack_memberships_contains_paywalled_content":false,"_jetpack_memberships_contains_paid_content":false,"footnotes":"","jetpack_publicize_message":"","jetpack_publicize_feature_enabled":true,"jetpack_social_post_already_shared":true,"jetpack_social_options":{"image_generator_settings":{"template":"highway","default_image_id":0,"font":"","enabled":false},"version":2}},"categories":[3],"tags":[],"class_list":["post-46003","post","type-post","status-publish","format-standard","has-post-thumbnail","hentry","category-novosti"],"acf":{"facebook_opis":""},"jetpack_publicize_connections":[],"jetpack_featured_media_url":"https:\/\/i0.wp.com\/historiografija.hr\/wp-content\/uploads\/2025\/04\/Slika.jpg?fit=526%2C789&ssl=1","jetpack_sharing_enabled":true,"jetpack-related-posts":[],"_links":{"self":[{"href":"https:\/\/historiografija.hr\/index.php?rest_route=\/wp\/v2\/posts\/46003","targetHints":{"allow":["GET"]}}],"collection":[{"href":"https:\/\/historiografija.hr\/index.php?rest_route=\/wp\/v2\/posts"}],"about":[{"href":"https:\/\/historiografija.hr\/index.php?rest_route=\/wp\/v2\/types\/post"}],"author":[{"embeddable":true,"href":"https:\/\/historiografija.hr\/index.php?rest_route=\/wp\/v2\/users\/2"}],"replies":[{"embeddable":true,"href":"https:\/\/historiografija.hr\/index.php?rest_route=%2Fwp%2Fv2%2Fcomments&post=46003"}],"version-history":[{"count":1,"href":"https:\/\/historiografija.hr\/index.php?rest_route=\/wp\/v2\/posts\/46003\/revisions"}],"predecessor-version":[{"id":46005,"href":"https:\/\/historiografija.hr\/index.php?rest_route=\/wp\/v2\/posts\/46003\/revisions\/46005"}],"wp:featuredmedia":[{"embeddable":true,"href":"https:\/\/historiografija.hr\/index.php?rest_route=\/wp\/v2\/media\/46004"}],"wp:attachment":[{"href":"https:\/\/historiografija.hr\/index.php?rest_route=%2Fwp%2Fv2%2Fmedia&parent=46003"}],"wp:term":[{"taxonomy":"category","embeddable":true,"href":"https:\/\/historiografija.hr\/index.php?rest_route=%2Fwp%2Fv2%2Fcategories&post=46003"},{"taxonomy":"post_tag","embeddable":true,"href":"https:\/\/historiografija.hr\/index.php?rest_route=%2Fwp%2Fv2%2Ftags&post=46003"}],"curies":[{"name":"wp","href":"https:\/\/api.w.org\/{rel}","templated":true}]}}