{"id":45982,"date":"2025-04-23T20:32:20","date_gmt":"2025-04-23T20:32:20","guid":{"rendered":"https:\/\/historiografija.hr\/?p=45982"},"modified":"2025-04-23T20:32:20","modified_gmt":"2025-04-23T20:32:20","slug":"noc-knjige-2025","status":"publish","type":"post","link":"https:\/\/historiografija.hr\/?p=45982","title":{"rendered":"No\u0107 knjige 2025."},"content":{"rendered":"\n<p>Najmasovnija doma\u0107a kulturna manifestacija No\u0107 knjige odr\u017eat \u0107e se 23. travnja diljem Hrvatske u povodu Svjetskog dana knjige i autorskih prava te Dana hrvatske knjige s \u010dak vi\u0161e od 1100 prijavljenih programa i akcija \u0161irom Hrvatske. Ovogodi\u0161nja je tema manifestacije <em>O \u017eivotinjama i ljudima<\/em> posve\u0107ena fauni u knji\u0161kim svjetovima, a za\u0161titno lice joj je hobotnica Tint Uljevi\u0107. Njegova je poruka <em>\u010cak i na dnu mora \u010ditati se mora!<\/em>, a kao i svake godine, maskota No\u0107i knjige je djelo dizajnera Borisa Kuka.<\/p>\n\n\n\n<hr class=\"wp-block-separator has-alpha-channel-opacity\"\/>\n\n\n\n<p>Izvor i op\u0161irnije:<\/p>\n\n\n\n<p><a href=\"https:\/\/nocknjige.hr\">https:\/\/nocknjige.hr<\/a><\/p>\n\n\n\n<hr class=\"wp-block-separator has-alpha-channel-opacity\"\/>\n","protected":false},"excerpt":{"rendered":"","protected":false},"author":2,"featured_media":45983,"comment_status":"open","ping_status":"open","sticky":false,"template":"","format":"standard","meta":{"_acf_changed":false,"jetpack_post_was_ever_published":false,"_jetpack_newsletter_access":"","_jetpack_dont_email_post_to_subs":false,"_jetpack_newsletter_tier_id":0,"_jetpack_memberships_contains_paywalled_content":false,"_jetpack_memberships_contains_paid_content":false,"footnotes":"","jetpack_publicize_message":"","jetpack_publicize_feature_enabled":true,"jetpack_social_post_already_shared":true,"jetpack_social_options":{"image_generator_settings":{"template":"highway","default_image_id":0,"font":"","enabled":false},"version":2}},"categories":[3],"tags":[],"class_list":["post-45982","post","type-post","status-publish","format-standard","has-post-thumbnail","hentry","category-novosti"],"acf":{"facebook_opis":""},"jetpack_publicize_connections":[],"jetpack_featured_media_url":"https:\/\/i0.wp.com\/historiografija.hr\/wp-content\/uploads\/2025\/04\/Noc_knjige_2025.jpg?fit=1904%2C772&ssl=1","jetpack_sharing_enabled":true,"jetpack-related-posts":[],"_links":{"self":[{"href":"https:\/\/historiografija.hr\/index.php?rest_route=\/wp\/v2\/posts\/45982","targetHints":{"allow":["GET"]}}],"collection":[{"href":"https:\/\/historiografija.hr\/index.php?rest_route=\/wp\/v2\/posts"}],"about":[{"href":"https:\/\/historiografija.hr\/index.php?rest_route=\/wp\/v2\/types\/post"}],"author":[{"embeddable":true,"href":"https:\/\/historiografija.hr\/index.php?rest_route=\/wp\/v2\/users\/2"}],"replies":[{"embeddable":true,"href":"https:\/\/historiografija.hr\/index.php?rest_route=%2Fwp%2Fv2%2Fcomments&post=45982"}],"version-history":[{"count":1,"href":"https:\/\/historiografija.hr\/index.php?rest_route=\/wp\/v2\/posts\/45982\/revisions"}],"predecessor-version":[{"id":45984,"href":"https:\/\/historiografija.hr\/index.php?rest_route=\/wp\/v2\/posts\/45982\/revisions\/45984"}],"wp:featuredmedia":[{"embeddable":true,"href":"https:\/\/historiografija.hr\/index.php?rest_route=\/wp\/v2\/media\/45983"}],"wp:attachment":[{"href":"https:\/\/historiografija.hr\/index.php?rest_route=%2Fwp%2Fv2%2Fmedia&parent=45982"}],"wp:term":[{"taxonomy":"category","embeddable":true,"href":"https:\/\/historiografija.hr\/index.php?rest_route=%2Fwp%2Fv2%2Fcategories&post=45982"},{"taxonomy":"post_tag","embeddable":true,"href":"https:\/\/historiografija.hr\/index.php?rest_route=%2Fwp%2Fv2%2Ftags&post=45982"}],"curies":[{"name":"wp","href":"https:\/\/api.w.org\/{rel}","templated":true}]}}