{"id":45960,"date":"2025-04-22T08:11:24","date_gmt":"2025-04-22T08:11:24","guid":{"rendered":"https:\/\/historiografija.hr\/?p=45960"},"modified":"2025-04-22T08:11:24","modified_gmt":"2025-04-22T08:11:24","slug":"konferencija-u-povodu-obiljezavanja-75-godina-od-osnivanja-odsjeka-za-historiju-univerzitet-u-sarajevu-filozofski-fakultet","status":"publish","type":"post","link":"https:\/\/historiografija.hr\/?p=45960","title":{"rendered":"Konferencija u povodu obilje\u017eavanja 75 godina od osnivanja Odsjeka za historiju (Univerzitet u Sarajevu \u2013 Filozofski fakultet)"},"content":{"rendered":"\n<p>Centar za historijska istra\u017eivanja (CeHIS) organizuje&nbsp;konferenciju \u201eBosanskohercegova\u010dka historija kroz vizuru alumnija Odsjeka za historiju\u201c, povodom obilje\u017eavanja zna\u010dajnog jubileja \u2013 75 godina od osnivanja Odsjeka za historiju (Univerzitet u Sarajevu \u2013 Filozofski fakultet). Prema programu predvi\u0111eno je da konferencija traje tri dana, od 23. do 25. aprila 2025. godine. Sve aktivnosti \u0107e se odr\u017eavati u Malom amfiteataru (Univerzitet u Sarajevu \u2013 Filozofski fakultet, Franje Ra\u010dkog 1).<\/p>\n\n\n\n<p>Cilj konferencije je promocija rezultata rada savremene bosanskohercegova\u010dke historiografije, arheologije i historije umjetnosti. Kroz vizuru svojih istra\u017eivanja alumni Odsjeka za historiju \u0107e predstaviti nau\u010dne teme koje problematiziraju kulturno-historijski razvoj prostora Bosne i Hercegovine od najstarijih razdoblja pro\u0161losti do savremenog doba.<\/p>\n\n\n\n<p>Na konferenciji u\u010destvuje ukupno 41 nau\u010dnik od \u010dega 33 u zvanju doktora nauka koji dolaze sa jedanaest razli\u010ditih institucija iz Bosne i Hercegovine i inostranstva. U skladu sa me\u0111unarodnim akademskim trendovima Centar za historijska istra\u017eivanja koji je nastao u okviru rada Odsjeka za historiju organizuje spomenutu konferenciju kako bi&nbsp; se oja\u010dao osje\u0107aj pripadnosti i lojalnosti alumna svojoj <em>Alma Mater<\/em>, te time doprinijelo \u0161irenju ugleda i promoviranje imena Univerziteta u Sarajevu. Jedan od motiva obilje\u017eavanja ovog jubileja jeste i ja\u010danje veza izme\u0111u mati\u010dnog Univerziteta, Fakulteta i Odsjeka sa&nbsp;generacijama nekada\u0161njih studenata.<\/p>\n\n\n\n<p>Posljednji dan konferencije predvi\u0111en je za doktorsku radionicu na kojoj \u0107e studenti zavr\u0161nih godina doktorskog studija sa svojim mentorima prezentirati rezultate svojih istra\u017eivanja. Time Odsjek za historiju pokazuje svoju opredijeljenost za motivaciju mladih istra\u017eiva\u010da za bavljenjem historijskom naukom.<\/p>\n\n\n\n<p>Knjiga sa\u017eetaka sa predstoje\u0107e konferencije objavljena je u okviru kataloga elektronskih izdanja Univerziteta u Sarajevu \u2013 Filozofski fakultet i mo\u017ee se preuzeti sa linka:<\/p>\n\n\n\n<p><a href=\"https:\/\/ebooks.ff.unsa.ba\/index.php\/ebooks_ffunsa\/catalog\/book\/121\">https:\/\/ebooks.ff.unsa.ba\/index.php\/ebooks_ffunsa\/catalog\/book\/121<\/a><\/p>\n\n\n\n<p>Iz Centra za historijska istra\u017eivanja nagla\u0161avaju da &nbsp;kao prva bosanskohercegova\u010dka javna nau\u010dno-obrazovna institucija koja se bavila pro\u0161lo\u0161\u0107u, Odsjek za historiju Filozofskog fakulteta u Sarajevu&nbsp; je indirektno ili indirektno utjecao na stva\u00adranje i odr\u017eavanje ve\u0107eg dijela institucija koje se bave izu\u010davanjem pro\u0161losti u Bosni i Hercegovini. Tako su profesori i nekada\u0161nji studenti Odsjeka za historiju doprinijeli osnivanjima, vo\u00ad\u0111enjima i radu Instituta za historiju (pod ranijim nazivom Institut za prou\u010davanje istorije radni\u010dkog pokreta), Centra za balkanolo\u0161ka ispitivanja Akademije nauka i umjetnosti Bosne i Hercegovine, Orijentalnog instituta, Instituta za istra\u017eivanje zlo\u010dina protiv \u010dovje\u010dnosti i me\u0111unarodnog prava, Odsjeka za historiju Filozof\u00adskog fakulteta Univerziteta u Tuzli, studija historije na Fakultetu humanisti\u010dkih nauka Univerziteta \u201cD\u017eemal Bijedi\u0107\u201d u Mostaru, katedre za istoriju i arheologiju Filozofskog fakulteta Univerziteta u Isto\u010dnom Sarajevu, studija istorije na Filo\u00adzofskom fakultetu Univerziteta u Banjoj Luci, studija povijesti i arheologije&nbsp; na Filozofskom fakultetu Sveu\u010dili\u0161ta u Mostaru.<\/p>\n\n\n\n<p>Iz Odsjeka za historiju proiza\u0161li su Katedra za historiju umjetnosti (sa akadem\u00adskom 2001\/2002. god.) i Odsjek za arheologiju (sa akademskom 2008\/2009. god.). Dvojica nastavnika sa Odsjeka za historiju su bili i predsjednici Akademije nauka i umjetnosti Bosne i Hercego\u00advine (prof. dr. sc. Alojz Benac i prof. dr. sc. Branislav \u0110ur\u0111ev). Do danas je sedam dekana Filozofskog fakulteta u Sarajevu poteklo sa Odsjeka za historiju.<\/p>\n\n\n\n<p>Odsjek za historiju promovi\u0161e mobilnost u visokom obrazovanju te kroz razli\u010dite programe poput ERASMUS+ ili CEEPUS studenti sti\u010du znanja na presti\u017enim europskim univerzitetima. Tako\u0111er, u okviru razli\u010ditih projekata na Odsjeku za historiju gostuju nau\u010dnici iz razli\u010ditih zemalja prenose\u0107i svoja nau\u010dna iskustva na\u0161im studentima. Profesori i saradnici sa Odsjeka za historiju isto tako u\u010destvuju u procesima izvo\u0111enja nastave na drugim univerzitetima, vode ili su \u010dlanovi timova na doma\u0107im i me\u0111unarodnim projektima i objavljuju nau\u010dne radove u me\u0111unarodno priznatim publikacijama. U\u010de\u0161\u0107em u razli\u010ditim internacionalnim konferencijama i uredni\u010dkim kolegijima uposlenici Odsjeka doprinose me\u0111unarodnoj vidljivosti rezultata istra\u017eivanja bo\u00adsanskohercegova\u010dke i europske pro\u0161losti.<\/p>\n\n\n\n<p>U vrijeme kada slavi 75 godina od svog osnivanja Odsjek za historiju&nbsp; ima ukupno 13 zaposlenih: aka\u00addemik prof. dr. Husnija Kamberovi\u0107, prof. dr. Zijad \u0160ehi\u0107, prof. dr. Esad Kurtovi\u0107, prof. dr. Edin Radu\u0161i\u0107, prof. dr. Salmedin Mesihovi\u0107, prof. dr. Amila Kasumovi\u0107, prof. dr. Emir Filipovi\u0107, prof. dr. Amir Duranovi\u0107, prof. dr. Fahd Kasumovi\u0107, prof. dr. Amra \u0160a\u010di\u0107 Be\u0107a, vi\u0161a ass. dr. Melisa Fori\u0107 Plasto, vi\u0161a ass. dr. Minela Radu\u0161i\u0107 i vi\u0161i ass. dr. Almir Peco.<\/p>\n\n\n\n<hr class=\"wp-block-separator has-alpha-channel-opacity\"\/>\n\n\n\n<p>Obavijest je objavljena i na portalu <strong>Historiografija.ba<\/strong>:<\/p>\n\n\n\n<p><a href=\"https:\/\/historiografija.ba\/historija-u-javnosti\/naucne-manifestacije\/najava-konferencije-u-povodu-obiljezavanja-75-godina-odsjeka-za-historiju-u-sarajevu\">https:\/\/historiografija.ba\/historija-u-javnosti\/naucne-manifestacije\/najava-konferencije-u-povodu-obiljezavanja-75-godina-odsjeka-za-historiju-u-sarajevu<\/a><\/p>\n\n\n\n<hr class=\"wp-block-separator has-alpha-channel-opacity\"\/>\n","protected":false},"excerpt":{"rendered":"","protected":false},"author":2,"featured_media":45961,"comment_status":"open","ping_status":"open","sticky":false,"template":"","format":"standard","meta":{"_acf_changed":false,"jetpack_post_was_ever_published":false,"_jetpack_newsletter_access":"","_jetpack_dont_email_post_to_subs":false,"_jetpack_newsletter_tier_id":0,"_jetpack_memberships_contains_paywalled_content":false,"_jetpack_memberships_contains_paid_content":false,"footnotes":"","jetpack_publicize_message":"","jetpack_publicize_feature_enabled":true,"jetpack_social_post_already_shared":true,"jetpack_social_options":{"image_generator_settings":{"template":"highway","default_image_id":0,"font":"","enabled":false},"version":2}},"categories":[3,9],"tags":[],"class_list":["post-45960","post","type-post","status-publish","format-standard","has-post-thumbnail","hentry","category-novosti","category-skupovi"],"acf":{"facebook_opis":""},"jetpack_publicize_connections":[],"jetpack_featured_media_url":"https:\/\/i0.wp.com\/historiografija.hr\/wp-content\/uploads\/2025\/04\/Konferencija_PLAKAT-scaled.jpg?fit=1807%2C2560&ssl=1","jetpack_sharing_enabled":true,"jetpack-related-posts":[],"_links":{"self":[{"href":"https:\/\/historiografija.hr\/index.php?rest_route=\/wp\/v2\/posts\/45960","targetHints":{"allow":["GET"]}}],"collection":[{"href":"https:\/\/historiografija.hr\/index.php?rest_route=\/wp\/v2\/posts"}],"about":[{"href":"https:\/\/historiografija.hr\/index.php?rest_route=\/wp\/v2\/types\/post"}],"author":[{"embeddable":true,"href":"https:\/\/historiografija.hr\/index.php?rest_route=\/wp\/v2\/users\/2"}],"replies":[{"embeddable":true,"href":"https:\/\/historiografija.hr\/index.php?rest_route=%2Fwp%2Fv2%2Fcomments&post=45960"}],"version-history":[{"count":1,"href":"https:\/\/historiografija.hr\/index.php?rest_route=\/wp\/v2\/posts\/45960\/revisions"}],"predecessor-version":[{"id":45962,"href":"https:\/\/historiografija.hr\/index.php?rest_route=\/wp\/v2\/posts\/45960\/revisions\/45962"}],"wp:featuredmedia":[{"embeddable":true,"href":"https:\/\/historiografija.hr\/index.php?rest_route=\/wp\/v2\/media\/45961"}],"wp:attachment":[{"href":"https:\/\/historiografija.hr\/index.php?rest_route=%2Fwp%2Fv2%2Fmedia&parent=45960"}],"wp:term":[{"taxonomy":"category","embeddable":true,"href":"https:\/\/historiografija.hr\/index.php?rest_route=%2Fwp%2Fv2%2Fcategories&post=45960"},{"taxonomy":"post_tag","embeddable":true,"href":"https:\/\/historiografija.hr\/index.php?rest_route=%2Fwp%2Fv2%2Ftags&post=45960"}],"curies":[{"name":"wp","href":"https:\/\/api.w.org\/{rel}","templated":true}]}}